{"id":6418,"date":"2017-03-27T15:50:00","date_gmt":"2017-03-27T18:50:00","guid":{"rendered":"http:\/\/blogdoedvaldomagalhaes.com.br\/index.php\/2017\/03\/27\/servidores-da-camara-de-vereadores-de\/"},"modified":"2019-02-09T01:21:22","modified_gmt":"2019-02-09T03:21:22","slug":"servidores-da-camara-de-vereadores-de","status":"publish","type":"post","link":"https:\/\/blogdoedvaldomagalhaes.com.br\/index.php\/2017\/03\/27\/servidores-da-camara-de-vereadores-de\/","title":{"rendered":"Servidores da C\u00e2mara de Vereadores de Caruaru participam de cursos de orat\u00f3ria"},"content":{"rendered":"<div style=\"background-color: white; text-align: justify;\">\n<\/div>\n<div class=\"separator\" style=\"clear: both; text-align: center;\">\n<a href=\"https:\/\/4.bp.blogspot.com\/-wOoyjgOmi9U\/WNk0j5S-uqI\/AAAAAAAASWE\/_rdUGkU1PlskqMWaen6nh5wxFy5Kuw-lACLcB\/s1600\/favirp.jpg\" imageanchor=\"1\" style=\"margin-left: 1em; margin-right: 1em;\"><img loading=\"lazy\" decoding=\"async\" border=\"0\" height=\"232\" src=\"http:\/\/blogdoedvaldomagalhaes.com.br\/wp-content\/uploads\/2017\/03\/favirp.jpg\" width=\"400\" \/><\/a><\/div>\n<div style=\"background-color: white; text-align: justify;\">\n<\/div>\n<div style=\"background-color: white; text-align: justify;\">\nServidores do Poder Legislativo de Caruaru participaram de cursos de orat\u00f3ria, reda\u00e7\u00e3o e inform\u00e1tica b\u00e1sica durante todo este m\u00eas nos dias 11, 18 e no \u00faltimo s\u00e1bado (25), no Centro Universit\u00e1rio do Vale do Ipojuca (UNIFAVIP\/ DeVry). Os cursos tiveram como objetivo capacitar os colaboradores com o intuito de aperfei\u00e7oar o desempenho em suas fun\u00e7\u00f5es e atividades di\u00e1rias.&nbsp;Os cursos aconteceram ap\u00f3s o presidente do legislativo, Lula T\u00f4rres (PDT), firmar uma parceria com a institui\u00e7\u00e3o de ensino superior.&nbsp;<\/p>\n<div class=\"MsoNormal\">\nNa manh\u00e3 desta segunda-feira (27), foi firmado um conv\u00eanio com a Unibratec para promover a forma\u00e7\u00e3o profissional dos servidores. A reuni\u00e3o que contou com a presen\u00e7a do gestor de n\u00facleos de p\u00f3s-gradua\u00e7\u00e3o e extens\u00e3o, F\u00e1bio Lemos e do professor, F\u00e1bio Junior, debateu a import\u00e2ncia da parceria que foi iniciada em 2016 pelo ex-vereador, Carlos Santos, de possibilitar que os servidores contassem acesso a uma forma\u00e7\u00e3o continuada atrav\u00e9s de cursos de p\u00f3s-gradua\u00e7\u00e3o, MBA e extens\u00e3o.<\/div>\n<div class=\"MsoNormal\">\n<\/div>\n<div class=\"MsoNormal\">\nCom a concretiza\u00e7\u00e3o do conv\u00eanio entre o legislativo e a institui\u00e7\u00e3o de ensino superior, os servidores e vereadores poder\u00e3o contar com um desconto de 40% nos mais de 30 cursos de p\u00f3s-gradua\u00e7\u00e3o e MBA, e mais de 60 cursos de extens\u00e3o que ser\u00e3o oferecidos pela Unibratec a partir de abril na cidade.<\/div>\n<\/div>\n<div style=\"background-color: white; text-align: justify;\">\n<div class=\"separator\" style=\"clear: both; text-align: center;\">\n<a href=\"http:\/\/blogdoedvaldomagalhaes.com.br\/wp-content\/uploads\/2017\/03\/sismuc-8.jpg\" imageanchor=\"1\" style=\"clear: left; float: left; margin-bottom: 1em; margin-right: 1em;\"><img decoding=\"async\" border=\"0\" src=\"http:\/\/blogdoedvaldomagalhaes.com.br\/wp-content\/uploads\/2017\/03\/sismuc-8.jpg\" \/><\/a><\/div>\n<p><\/div>\n","protected":false},"excerpt":{"rendered":"<p>Servidores do Poder Legislativo de Caruaru participaram de cursos de orat\u00f3ria, reda\u00e7\u00e3o e inform\u00e1tica b\u00e1sica durante todo este m\u00eas nos&hellip;<\/p>\n","protected":false},"author":1,"featured_media":0,"comment_status":"open","ping_status":"open","sticky":false,"template":"","format":"standard","meta":{"footnotes":""},"categories":[1],"tags":[992,5882,20,8655,5914],"class_list":["post-6418","post","type-post","status-publish","format-standard","hentry","category-sem-categoria","tag-blog-do-edvaldo-do-magalhaes","tag-centro-universitario-do-vale-do-ipojuca","tag-politica","tag-servidores-da-camara-de-vereadores-de-caruaru-participam-de-cursos-de-oratoria","tag-unifavip-devry"],"_links":{"self":[{"href":"https:\/\/blogdoedvaldomagalhaes.com.br\/index.php\/wp-json\/wp\/v2\/posts\/6418","targetHints":{"allow":["GET"]}}],"collection":[{"href":"https:\/\/blogdoedvaldomagalhaes.com.br\/index.php\/wp-json\/wp\/v2\/posts"}],"about":[{"href":"https:\/\/blogdoedvaldomagalhaes.com.br\/index.php\/wp-json\/wp\/v2\/types\/post"}],"author":[{"embeddable":true,"href":"https:\/\/blogdoedvaldomagalhaes.com.br\/index.php\/wp-json\/wp\/v2\/users\/1"}],"replies":[{"embeddable":true,"href":"https:\/\/blogdoedvaldomagalhaes.com.br\/index.php\/wp-json\/wp\/v2\/comments?post=6418"}],"version-history":[{"count":1,"href":"https:\/\/blogdoedvaldomagalhaes.com.br\/index.php\/wp-json\/wp\/v2\/posts\/6418\/revisions"}],"predecessor-version":[{"id":18140,"href":"https:\/\/blogdoedvaldomagalhaes.com.br\/index.php\/wp-json\/wp\/v2\/posts\/6418\/revisions\/18140"}],"wp:attachment":[{"href":"https:\/\/blogdoedvaldomagalhaes.com.br\/index.php\/wp-json\/wp\/v2\/media?parent=6418"}],"wp:term":[{"taxonomy":"category","embeddable":true,"href":"https:\/\/blogdoedvaldomagalhaes.com.br\/index.php\/wp-json\/wp\/v2\/categories?post=6418"},{"taxonomy":"post_tag","embeddable":true,"href":"https:\/\/blogdoedvaldomagalhaes.com.br\/index.php\/wp-json\/wp\/v2\/tags?post=6418"}],"curies":[{"name":"wp","href":"https:\/\/api.w.org\/{rel}","templated":true}]}}