{"id":64015,"date":"2020-11-22T11:49:16","date_gmt":"2020-11-22T14:49:16","guid":{"rendered":"https:\/\/blogdoedvaldomagalhaes.com.br\/?p=64015"},"modified":"2020-11-22T11:49:16","modified_gmt":"2020-11-22T14:49:16","slug":"prf-apreende-explosivos-e-detonadores-que-estavam-dentro-de-veiculo-na-br-232","status":"publish","type":"post","link":"https:\/\/blogdoedvaldomagalhaes.com.br\/index.php\/2020\/11\/22\/prf-apreende-explosivos-e-detonadores-que-estavam-dentro-de-veiculo-na-br-232\/","title":{"rendered":"PRF apreende explosivos e detonadores que estavam dentro de ve\u00edculo na BR 232"},"content":{"rendered":"<p style=\"text-align: justify;\"><span style=\"font-size: inherit;\">Uma equipe da Pol\u00edcia Rodovi\u00e1ria Federal (PRF), prendeu dois homens que realizavam o transporte irregular de 66 bisnagas de um explosivo de emuls\u00e3o, que s\u00e3o utilizado na detona\u00e7\u00e3o de rochas, no interior de um ve\u00edculo. Al\u00e9m dos explosivos, foram encontrados 10 detonadores.<\/span><\/p>\n<p style=\"text-align: justify;\">A abordagem ocorreu por volta de 1h da manh\u00e3, neste s\u00e1bado (21), na Br 232, no munic\u00edpio de Sert\u00e2nia, no Sert\u00e3o Pernambucano.<\/p>\n<p style=\"text-align: justify;\">As 66 bisnagas estavam distribu\u00eddas na parte inferior do banco traseiro e no interior de uma caixa de som instalada no porta malas.<\/p>\n<p style=\"text-align: justify;\">O motorista informou aos pol\u00edcias que receberia a quantia de 5 mil reais, para levar a carga de Juazeiro, na Bahia, at\u00e9 Jaboat\u00e3o dos Guararapes, no RMR.<\/p>\n<p style=\"text-align: justify;\">Ap\u00f3s o flagrante, os homens, todo o material e o ve\u00edculo, foram encaminhados \u00e0 Pol\u00edcia Civil em Arcoverde.<\/p>\n\n\n<figure class=\"wp-block-image size-large\"><img loading=\"lazy\" decoding=\"async\" width=\"1024\" height=\"768\" src=\"https:\/\/blogdoedvaldomagalhaes.com.br\/wp-content\/uploads\/2020\/11\/IMG-20201122-WA0005-1024x768.jpg\" alt=\"\" class=\"wp-image-64017\" srcset=\"https:\/\/blogdoedvaldomagalhaes.com.br\/wp-content\/uploads\/2020\/11\/IMG-20201122-WA0005-1024x768.jpg 1024w, https:\/\/blogdoedvaldomagalhaes.com.br\/wp-content\/uploads\/2020\/11\/IMG-20201122-WA0005-300x225.jpg 300w, https:\/\/blogdoedvaldomagalhaes.com.br\/wp-content\/uploads\/2020\/11\/IMG-20201122-WA0005-768x576.jpg 768w, https:\/\/blogdoedvaldomagalhaes.com.br\/wp-content\/uploads\/2020\/11\/IMG-20201122-WA0005-160x120.jpg 160w, https:\/\/blogdoedvaldomagalhaes.com.br\/wp-content\/uploads\/2020\/11\/IMG-20201122-WA0005.jpg 1152w\" sizes=\"auto, (max-width: 1024px) 100vw, 1024px\" \/><figcaption>Fotos: PRF\/Divulga\u00e7\u00e3o<\/figcaption><\/figure>\n","protected":false},"excerpt":{"rendered":"<p>Uma equipe da Pol\u00edcia Rodovi\u00e1ria Federal (PRF), prendeu dois homens que realizavam o transporte irregular de 66 bisnagas de um&hellip;<\/p>\n","protected":false},"author":1,"featured_media":64016,"comment_status":"open","ping_status":"open","sticky":false,"template":"","format":"standard","meta":{"footnotes":""},"categories":[14121],"tags":[2,19532,3140,20204],"class_list":["post-64015","post","type-post","status-publish","format-standard","has-post-thumbnail","hentry","category-policial","tag-blog-do-edvaldo-magalhaes","tag-blog-mais-acessado-e-visualizado-de-caruaru-e-regiao","tag-noticias-de-pernambuco","tag-prf-apreende-explosivos-e-detonadores-que-estavam-dentro-de-veiculo-na-br-232"],"_links":{"self":[{"href":"https:\/\/blogdoedvaldomagalhaes.com.br\/index.php\/wp-json\/wp\/v2\/posts\/64015","targetHints":{"allow":["GET"]}}],"collection":[{"href":"https:\/\/blogdoedvaldomagalhaes.com.br\/index.php\/wp-json\/wp\/v2\/posts"}],"about":[{"href":"https:\/\/blogdoedvaldomagalhaes.com.br\/index.php\/wp-json\/wp\/v2\/types\/post"}],"author":[{"embeddable":true,"href":"https:\/\/blogdoedvaldomagalhaes.com.br\/index.php\/wp-json\/wp\/v2\/users\/1"}],"replies":[{"embeddable":true,"href":"https:\/\/blogdoedvaldomagalhaes.com.br\/index.php\/wp-json\/wp\/v2\/comments?post=64015"}],"version-history":[{"count":1,"href":"https:\/\/blogdoedvaldomagalhaes.com.br\/index.php\/wp-json\/wp\/v2\/posts\/64015\/revisions"}],"predecessor-version":[{"id":64018,"href":"https:\/\/blogdoedvaldomagalhaes.com.br\/index.php\/wp-json\/wp\/v2\/posts\/64015\/revisions\/64018"}],"wp:featuredmedia":[{"embeddable":true,"href":"https:\/\/blogdoedvaldomagalhaes.com.br\/index.php\/wp-json\/wp\/v2\/media\/64016"}],"wp:attachment":[{"href":"https:\/\/blogdoedvaldomagalhaes.com.br\/index.php\/wp-json\/wp\/v2\/media?parent=64015"}],"wp:term":[{"taxonomy":"category","embeddable":true,"href":"https:\/\/blogdoedvaldomagalhaes.com.br\/index.php\/wp-json\/wp\/v2\/categories?post=64015"},{"taxonomy":"post_tag","embeddable":true,"href":"https:\/\/blogdoedvaldomagalhaes.com.br\/index.php\/wp-json\/wp\/v2\/tags?post=64015"}],"curies":[{"name":"wp","href":"https:\/\/api.w.org\/{rel}","templated":true}]}}