{"id":64,"date":"2019-02-01T20:53:00","date_gmt":"2019-02-01T22:53:00","guid":{"rendered":"http:\/\/blogdoedvaldomagalhaes.com.br\/index.php\/2019\/02\/01\/abertas-inscricoes-para-o-caruaru-por\/"},"modified":"2019-02-09T02:51:38","modified_gmt":"2019-02-09T04:51:38","slug":"abertas-inscricoes-para-o-caruaru-por","status":"publish","type":"post","link":"https:\/\/blogdoedvaldomagalhaes.com.br\/index.php\/2019\/02\/01\/abertas-inscricoes-para-o-caruaru-por\/","title":{"rendered":"Abertas inscri\u00e7\u00f5es para o &#8220;Caruaru Por Paix\u00e3o 2019&#8221;"},"content":{"rendered":"<p><\/p>\n<div class=\"separator\" style=\"clear: both; text-align: center;\">\n<a href=\"https:\/\/4.bp.blogspot.com\/-mDUovojQnBI\/XFSxjbbLNSI\/AAAAAAABB5U\/irEYROHNBak7fyl2Es55_iIYqoQoO6fbQCLcBGAs\/s1600\/cpaix%25C3%25A3o.jpg\" imageanchor=\"1\" style=\"margin-left: 1em; margin-right: 1em;\"><img loading=\"lazy\" decoding=\"async\" border=\"0\" data-original-height=\"440\" data-original-width=\"720\" height=\"390\" src=\"http:\/\/blogdoedvaldomagalhaes.com.br\/wp-content\/uploads\/2019\/02\/cpaixC3A3o.jpg\" width=\"640\" \/><\/a><\/div>\n<div class=\"MsoNormal\" style=\"background: white; margin-bottom: 10.0pt; mso-line-height-alt: 13.2pt; text-align: justify;\">\n<\/div>\n<div class=\"MsoNormal\" style=\"background: white; margin-bottom: 10.0pt; mso-line-height-alt: 13.2pt; text-align: justify;\">\nA Prefeitura de Caruaru lan\u00e7ou, no Di\u00e1rio Oficial desta quinta-feira<br \/>\n(31), a convocat\u00f3ria para habilita\u00e7\u00e3o e sele\u00e7\u00e3o de propostas de atividades<br \/>\nart\u00edsticas e culturais para compor a programa\u00e7\u00e3o do evento \u201cCaruaru Por Paix\u00e3o<br \/>\n2019\u201d. Podem participar da sele\u00e7\u00e3o apenas artistas caruaruenses. Os<br \/>\ninteressados em compor a programa\u00e7\u00e3o devem se inscrever de 4 a 22 de fevereiro<br \/>\nna Funda\u00e7\u00e3o de Cultura e Turismo do munic\u00edpio, ou, de forma online, atrav\u00e9s do<br \/>\ne-mail&nbsp;<a href=\"mailto:caruaruporpaixao2019@gmail.com\" target=\"_blank\"><i>caruaruporpaixao2019@gmail.com<\/i><\/a>.<\/div>\n<div class=\"MsoNormal\" style=\"background: white; margin-bottom: 10.0pt; mso-line-height-alt: 13.2pt; text-align: justify;\">\nSer\u00e3o aceitas propostas de M\u00fasica, Artes C\u00eanicas (para o espet\u00e1culo da<br \/>\nPaix\u00e3o de Cristo) Cultura Popular, Povos Tradicionais, Livro, Literatura e<br \/>\nLeitura, Audiovisual, Fotografia, Artes visuais, Design, Moda, Dan\u00e7a,<br \/>\nArtesanato e Gastronomia. A habilita\u00e7\u00e3o das propostas inscritas ser\u00e1 feita ap\u00f3s<br \/>\nan\u00e1lise de documentos, que ser\u00e1 realizada por equipes t\u00e9cnicas da Funda\u00e7\u00e3o de<br \/>\nCultura e Turismo de Caruaru. Passando para a segunda fase, haver\u00e1 a an\u00e1lise<br \/>\nart\u00edstica.<\/div>\n<div class=\"MsoNormal\" style=\"background: white; margin-bottom: 10.0pt; mso-line-height-alt: 13.2pt; text-align: justify;\">\nA lista dos habilitados da ser\u00e1 divulgada no site&nbsp;<a href=\"http:\/\/www.caruaru.pe.gov.br\/\" target=\"_blank\"><b><i>www.caruaru.pe.gov.br<\/i><\/b><\/a><b><i>&nbsp;&nbsp;<\/i><\/b>e na sede da<br \/>\nFunda\u00e7\u00e3o de Cultura e Turismo. Mais informa\u00e7\u00f5es&nbsp;<a href=\"http:\/\/192.195.237.93:8080\/pmc_diario-oficial\/api\/datafile\/Diario%20Oficial%20720.pdf\" target=\"_blank\">podem ser encontradas neste link<\/a>.<\/div>\n<div class=\"MsoNormal\" style=\"background: white; margin-bottom: 10.0pt; mso-line-height-alt: 13.2pt; text-align: justify;\">\nNa pr\u00f3xima sexta-feira (8), haver\u00e1 uma oficina para apresentar aos<br \/>\ncandidatos algumas orienta\u00e7\u00f5es sobre como fazer a inscri\u00e7\u00e3o.&nbsp; Ser\u00e1 na Casa<br \/>\nde Cultura Jos\u00e9 Cond\u00e9, das 9h \u00e0s 12h. A capacita\u00e7\u00e3o \u00e9 realizada pela<br \/>\ncoordena\u00e7\u00e3o de Projetos da FCTC junto ao Conselho Municipal de Pol\u00edticas Culturais.<\/div>\n<div class=\"MsoNormal\">\n<\/div>\n<p><\/p>\n","protected":false},"excerpt":{"rendered":"<p>A Prefeitura de Caruaru lan\u00e7ou, no Di\u00e1rio Oficial desta quinta-feira (31), a convocat\u00f3ria para habilita\u00e7\u00e3o e sele\u00e7\u00e3o de propostas de&hellip;<\/p>\n","protected":false},"author":1,"featured_media":0,"comment_status":"open","ping_status":"open","sticky":false,"template":"","format":"standard","meta":{"footnotes":""},"categories":[1],"tags":[71,2,6],"class_list":["post-64","post","type-post","status-publish","format-standard","hentry","category-sem-categoria","tag-abertas-inscricoes-para-o-caruaru-por-paixao-2019","tag-blog-do-edvaldo-magalhaes","tag-noticias"],"_links":{"self":[{"href":"https:\/\/blogdoedvaldomagalhaes.com.br\/index.php\/wp-json\/wp\/v2\/posts\/64","targetHints":{"allow":["GET"]}}],"collection":[{"href":"https:\/\/blogdoedvaldomagalhaes.com.br\/index.php\/wp-json\/wp\/v2\/posts"}],"about":[{"href":"https:\/\/blogdoedvaldomagalhaes.com.br\/index.php\/wp-json\/wp\/v2\/types\/post"}],"author":[{"embeddable":true,"href":"https:\/\/blogdoedvaldomagalhaes.com.br\/index.php\/wp-json\/wp\/v2\/users\/1"}],"replies":[{"embeddable":true,"href":"https:\/\/blogdoedvaldomagalhaes.com.br\/index.php\/wp-json\/wp\/v2\/comments?post=64"}],"version-history":[{"count":1,"href":"https:\/\/blogdoedvaldomagalhaes.com.br\/index.php\/wp-json\/wp\/v2\/posts\/64\/revisions"}],"predecessor-version":[{"id":37910,"href":"https:\/\/blogdoedvaldomagalhaes.com.br\/index.php\/wp-json\/wp\/v2\/posts\/64\/revisions\/37910"}],"wp:attachment":[{"href":"https:\/\/blogdoedvaldomagalhaes.com.br\/index.php\/wp-json\/wp\/v2\/media?parent=64"}],"wp:term":[{"taxonomy":"category","embeddable":true,"href":"https:\/\/blogdoedvaldomagalhaes.com.br\/index.php\/wp-json\/wp\/v2\/categories?post=64"},{"taxonomy":"post_tag","embeddable":true,"href":"https:\/\/blogdoedvaldomagalhaes.com.br\/index.php\/wp-json\/wp\/v2\/tags?post=64"}],"curies":[{"name":"wp","href":"https:\/\/api.w.org\/{rel}","templated":true}]}}