{"id":63934,"date":"2020-11-19T13:22:20","date_gmt":"2020-11-19T16:22:20","guid":{"rendered":"https:\/\/blogdoedvaldomagalhaes.com.br\/?p=63934"},"modified":"2020-11-19T13:22:20","modified_gmt":"2020-11-19T16:22:20","slug":"morre-em-caruaru-lourival-batista-ex-diretor-de-futebol-do-central","status":"publish","type":"post","link":"https:\/\/blogdoedvaldomagalhaes.com.br\/index.php\/2020\/11\/19\/morre-em-caruaru-lourival-batista-ex-diretor-de-futebol-do-central\/","title":{"rendered":"Morre em Caruaru Lourival Batista ex-diretor de Futebol do Central"},"content":{"rendered":"<p style=\"text-align: justify;\">Morreu na madrugada desta quinta-feira (19), em Caruaru, o ex-diretor de Futebol do Central, Lourival Batista Leal. Ele tinha 80 anos e estava internado em um hospital da cidade h\u00e1 20 dias com covid-19.<\/p>\n<p style=\"text-align: justify;\">N\u00e3o haver\u00e1 vel\u00f3rio e o sepultamento ser\u00e1 no Cemit\u00e9rio Dom Bosco, com um n\u00famero restrito de familiares.<\/p>\n<p style=\"text-align: justify;\"><strong>Nota de pesar<\/strong><\/p>\n<p style=\"text-align: justify;\"><em>O Central Sport Club lamenta profundamente o falecimento do Sr. Lourival Batista Leal, ocorrido na madrugada desta quinta-feira (19).<\/em><\/p>\n<p style=\"text-align: justify;\"><em>Empres\u00e1rio e ex-Diretor de Futebol do Clube, o Sr. Lourival Batista participou ativamente e foi fundamental em diversas a\u00e7\u00f5es do nosso amado Alvinegro Caruaruense, principalmente na d\u00e9cada de 1980, um dos per\u00edodos mais \u00e1ureos da Patativa do Agreste no cen\u00e1rio futebol\u00edstico nacional.<\/em><\/p>\n<p style=\"text-align: justify;\"><em>Lourival Batista Leal, saiba que o senhor foi, \u00e9 e sempre ser\u00e1 uma das personalidades de maior envergadura na hist\u00f3ria mais do que centen\u00e1ria do Central Sport Club.<\/em><\/p>\n<p style=\"text-align: justify;\"><em>Todos (as) que fazem a institui\u00e7\u00e3o Central Sport Club prestam as devidas homenagens e condol\u00eancias aos familiares e amigos do eterno Alvinegro Lourival Batista Leal.<\/em><\/p>\n<p style=\"text-align: justify;\"><em>Atenciosamente: Departamento de Comunica\u00e7\u00e3o do Central Sport Club.<\/em><\/p>\n","protected":false},"excerpt":{"rendered":"<p>Morreu na madrugada desta quinta-feira (19), em Caruaru, o ex-diretor de Futebol do Central, Lourival Batista Leal. Ele tinha 80&hellip;<\/p>\n","protected":false},"author":1,"featured_media":63935,"comment_status":"open","ping_status":"open","sticky":false,"template":"","format":"standard","meta":{"footnotes":""},"categories":[14120],"tags":[2,19532,20184,1950],"class_list":["post-63934","post","type-post","status-publish","format-standard","has-post-thumbnail","hentry","category-noticias","tag-blog-do-edvaldo-magalhaes","tag-blog-mais-acessado-e-visualizado-de-caruaru-e-regiao","tag-morre-em-caruaru-lourival-batista-ex-diretor-de-futebol-do-central","tag-noticias-de-caruaru"],"_links":{"self":[{"href":"https:\/\/blogdoedvaldomagalhaes.com.br\/index.php\/wp-json\/wp\/v2\/posts\/63934","targetHints":{"allow":["GET"]}}],"collection":[{"href":"https:\/\/blogdoedvaldomagalhaes.com.br\/index.php\/wp-json\/wp\/v2\/posts"}],"about":[{"href":"https:\/\/blogdoedvaldomagalhaes.com.br\/index.php\/wp-json\/wp\/v2\/types\/post"}],"author":[{"embeddable":true,"href":"https:\/\/blogdoedvaldomagalhaes.com.br\/index.php\/wp-json\/wp\/v2\/users\/1"}],"replies":[{"embeddable":true,"href":"https:\/\/blogdoedvaldomagalhaes.com.br\/index.php\/wp-json\/wp\/v2\/comments?post=63934"}],"version-history":[{"count":1,"href":"https:\/\/blogdoedvaldomagalhaes.com.br\/index.php\/wp-json\/wp\/v2\/posts\/63934\/revisions"}],"predecessor-version":[{"id":63936,"href":"https:\/\/blogdoedvaldomagalhaes.com.br\/index.php\/wp-json\/wp\/v2\/posts\/63934\/revisions\/63936"}],"wp:featuredmedia":[{"embeddable":true,"href":"https:\/\/blogdoedvaldomagalhaes.com.br\/index.php\/wp-json\/wp\/v2\/media\/63935"}],"wp:attachment":[{"href":"https:\/\/blogdoedvaldomagalhaes.com.br\/index.php\/wp-json\/wp\/v2\/media?parent=63934"}],"wp:term":[{"taxonomy":"category","embeddable":true,"href":"https:\/\/blogdoedvaldomagalhaes.com.br\/index.php\/wp-json\/wp\/v2\/categories?post=63934"},{"taxonomy":"post_tag","embeddable":true,"href":"https:\/\/blogdoedvaldomagalhaes.com.br\/index.php\/wp-json\/wp\/v2\/tags?post=63934"}],"curies":[{"name":"wp","href":"https:\/\/api.w.org\/{rel}","templated":true}]}}