{"id":63931,"date":"2020-11-19T13:14:21","date_gmt":"2020-11-19T16:14:21","guid":{"rendered":"https:\/\/blogdoedvaldomagalhaes.com.br\/?p=63931"},"modified":"2020-11-19T14:55:05","modified_gmt":"2020-11-19T17:55:05","slug":"operacao-da-policia-civil-em-toritama-para-desarticular-integrantes-de-organizacao-criminosa","status":"publish","type":"post","link":"https:\/\/blogdoedvaldomagalhaes.com.br\/index.php\/2020\/11\/19\/operacao-da-policia-civil-em-toritama-para-desarticular-integrantes-de-organizacao-criminosa\/","title":{"rendered":"Opera\u00e7\u00e3o da Pol\u00edcia Civil em Toritama para desarticular integrantes de Organiza\u00e7\u00e3o Criminosa"},"content":{"rendered":"<p style=\"text-align: justify;\">A Pol\u00edcia Civil deflagrou, na manh\u00e3 desta quinta-feira (19), uma opera\u00e7\u00e3o em Toritama, Agreste de Pernambuco. O objetivo da a\u00e7\u00e3o, denominada de \u201cSob Medida\u201d, \u00e9 desarticular integrantes de Organiza\u00e7\u00e3o Criminosa voltada para a pr\u00e1tica de lavagem de dinheiro, recepta\u00e7\u00e3o qualificada e roubo majorado.<\/p>\n<p style=\"text-align: justify;\">As investiga\u00e7\u00f5es foram iniciadas em julho deste ano. Foram cumpridos dois mandados de pris\u00e3o e quatro mandados de busca e apreens\u00e3o domiciliar, al\u00e9m de medidas cautelares de sequestro de bens e bloqueio de conta, todos expedidos pela Vara \u00danica da Comarca de Toritama.<\/p>\n","protected":false},"excerpt":{"rendered":"<p>A Pol\u00edcia Civil deflagrou, na manh\u00e3 desta quinta-feira (19), uma opera\u00e7\u00e3o em Toritama, Agreste de Pernambuco. O objetivo da a\u00e7\u00e3o,&hellip;<\/p>\n","protected":false},"author":1,"featured_media":63932,"comment_status":"open","ping_status":"open","sticky":false,"template":"","format":"standard","meta":{"footnotes":""},"categories":[14121],"tags":[2,19532,6,20183],"class_list":["post-63931","post","type-post","status-publish","format-standard","has-post-thumbnail","hentry","category-policial","tag-blog-do-edvaldo-magalhaes","tag-blog-mais-acessado-e-visualizado-de-caruaru-e-regiao","tag-noticias","tag-operacao-da-policia-civil-em-toritama-para-desarticular-integrantes-de-organizacao-criminosa"],"_links":{"self":[{"href":"https:\/\/blogdoedvaldomagalhaes.com.br\/index.php\/wp-json\/wp\/v2\/posts\/63931","targetHints":{"allow":["GET"]}}],"collection":[{"href":"https:\/\/blogdoedvaldomagalhaes.com.br\/index.php\/wp-json\/wp\/v2\/posts"}],"about":[{"href":"https:\/\/blogdoedvaldomagalhaes.com.br\/index.php\/wp-json\/wp\/v2\/types\/post"}],"author":[{"embeddable":true,"href":"https:\/\/blogdoedvaldomagalhaes.com.br\/index.php\/wp-json\/wp\/v2\/users\/1"}],"replies":[{"embeddable":true,"href":"https:\/\/blogdoedvaldomagalhaes.com.br\/index.php\/wp-json\/wp\/v2\/comments?post=63931"}],"version-history":[{"count":1,"href":"https:\/\/blogdoedvaldomagalhaes.com.br\/index.php\/wp-json\/wp\/v2\/posts\/63931\/revisions"}],"predecessor-version":[{"id":63933,"href":"https:\/\/blogdoedvaldomagalhaes.com.br\/index.php\/wp-json\/wp\/v2\/posts\/63931\/revisions\/63933"}],"wp:featuredmedia":[{"embeddable":true,"href":"https:\/\/blogdoedvaldomagalhaes.com.br\/index.php\/wp-json\/wp\/v2\/media\/63932"}],"wp:attachment":[{"href":"https:\/\/blogdoedvaldomagalhaes.com.br\/index.php\/wp-json\/wp\/v2\/media?parent=63931"}],"wp:term":[{"taxonomy":"category","embeddable":true,"href":"https:\/\/blogdoedvaldomagalhaes.com.br\/index.php\/wp-json\/wp\/v2\/categories?post=63931"},{"taxonomy":"post_tag","embeddable":true,"href":"https:\/\/blogdoedvaldomagalhaes.com.br\/index.php\/wp-json\/wp\/v2\/tags?post=63931"}],"curies":[{"name":"wp","href":"https:\/\/api.w.org\/{rel}","templated":true}]}}