{"id":63928,"date":"2020-11-18T22:50:05","date_gmt":"2020-11-19T01:50:05","guid":{"rendered":"https:\/\/blogdoedvaldomagalhaes.com.br\/?p=63928"},"modified":"2020-11-18T22:50:07","modified_gmt":"2020-11-19T01:50:07","slug":"secretaria-de-infraestrutura-apresenta-na-alepe-projetos-para-seguranca-hidrica-de-pernambuco","status":"publish","type":"post","link":"https:\/\/blogdoedvaldomagalhaes.com.br\/index.php\/2020\/11\/18\/secretaria-de-infraestrutura-apresenta-na-alepe-projetos-para-seguranca-hidrica-de-pernambuco\/","title":{"rendered":"Secret\u00e1ria de Infraestrutura apresenta na Alepe projetos para seguran\u00e7a h\u00eddrica de Pernambuco"},"content":{"rendered":"<p align=\"justify\"><span style=\"color: #000000;\"><span style=\"font-family: Times New Roman, serif;\"><span>Com o intuito de universalizar o acesso \u00e0 \u00e1gua no Estado e garantir mais seguran\u00e7a h\u00eddrica aos pernambucanos, a secret\u00e1ria de Infraestrutura e Recursos H\u00eddricos, Fernandha Batista, apresentou, nesta quarta-feira (18), em reuni\u00e3o extraordin\u00e1ria da Comiss\u00e3o de Finan\u00e7as, Or\u00e7amento e Tributa\u00e7\u00e3o da Assembleia Legislativa do Estado de Pernambuco (Alepe), projetos da pasta na \u00e1rea de recursos h\u00eddricos. A iniciativa teve como objetivo pleitear, junto aos parlamentares, emendas para o Projeto de Lei Or\u00e7ament\u00e1ria Anual (PLOA) 2021 para realiza\u00e7\u00e3o de obras em todas as regi\u00f5es. A reuni\u00e3o aconteceu virtualmente e foi comandada pelo deputado Alu\u00edsio Lessa. Participaram deputados integrantes da comiss\u00e3o e a presidente da Compesa, Manuela Marinho.<br \/><br \/>Na pauta, a titular da secretaria abordou as a\u00e7\u00f5es em desenvolvimento pelo Estado como a revitaliza\u00e7\u00e3o das bacias dos rios Capibaribe e Ipojuca, os planos de seguran\u00e7a e manuten\u00e7\u00e3o de barragens, atualiza\u00e7\u00e3o do Plano Estadual de Recursos H\u00eddricos e saneamento rural. Al\u00e9m disso, a import\u00e2ncia do reuso da \u00e1gua para atividades econ\u00f4micas, entre elas, as industriais e agr\u00edcolas.<br \/><br \/>\u201cSeguran\u00e7a h\u00eddrica n\u00e3o \u00e9 s\u00f3 a quest\u00e3o do abastecimento de \u00e1gua. \u00c9 tudo que envolve a pauta de recursos h\u00eddricos. O tema \u00e9 uma das prioridades colocadas pelo Governo do Estado para que a \u00e1gua chegue a todos e n\u00e3o somente aos que possuem melhores condi\u00e7\u00f5es de vida e vivem nas grandes cidades\u201d, pontuou Fernandha Batista. De acordo com a gestora, Pernambuco, assim como os outros estados do Nordeste, possui disponibilidade h\u00eddrica inferior a 1.500 metros c\u00fabicos de \u00e1gua por habitante ano. Essa disponibilidade acontece em 80% do territ\u00f3rio, principalmente, na regi\u00e3o do Agreste, que possui popula\u00e7\u00e3o concentrada.<br \/><br \/>Durante a apresenta\u00e7\u00e3o, foram destacados projetos de pequeno porte e a\u00e7\u00f5es por regi\u00f5es para expans\u00e3o da distribui\u00e7\u00e3o da \u00e1gua no Estado. Ao todo, s\u00e3o necess\u00e1rios, recursos que somam R$ 157.143.223,06.<br \/><br \/>Na ocasi\u00e3o, tamb\u00e9m foram expostas obras estruturantes realizadas com emendas parlamentares, a exemplo, da expans\u00e3o da rede de abastecimento na Vila 3 Carneiros e a duplica\u00e7\u00e3o da adutora do Distrito Nascente, na cidade de Araripina, no Sert\u00e3o. As a\u00e7\u00f5es est\u00e3o beneficiando, ao todo, mais de seis mil moradores do munic\u00edpio com emendas da deputada Roberta Arraes, que somam R$ 94 mil. Al\u00e9m disso, tamb\u00e9m foi feita a amplia\u00e7\u00e3o e melhoria f\u00edsica na barragem Engenho Bonito e na esta\u00e7\u00e3o elevat\u00f3rio de \u00e1gua bruta de Macaparana, desenvolvida com repasse de R$ 100 mil reais destinado pelo deputado Ant\u00f4nio Moraes.<br \/><br \/>\u201cAs a\u00e7\u00f5es de amplia\u00e7\u00e3o de rede tornam o sistema de abastecimento de \u00e1gua mais eficiente e robusto, garantindo que mais pessoas tenham acesso a este recurso h\u00eddrico t\u00e3o necess\u00e1rio. Garantimos que as obras que estamos pleiteando hoje ser\u00e3o realizadas e conclu\u00eddas ao longo do ano de 2021, sendo mais um passo para universaliza\u00e7\u00e3o da \u00e1gua em Pernambuco\u201d, afirmou a presidente da Compesa, Manuela Marinho.\u00a0<br \/><\/span><\/span><\/span><\/p>\n<p align=\"justify\"><span style=\"color: #000000;\"><span style=\"font-family: Times New Roman, serif;\"><span><b>Saneamento \u2013<\/b>\u00a0Dentro dos temas abordados na gest\u00e3o dos recursos h\u00eddricos, a secret\u00e1ria Fernandha Batista falou na reuni\u00e3o extraordin\u00e1ria da Comiss\u00e3o sobre o trabalho desenvolvido junto aos munic\u00edpios para levar abastecimento regular para as comunidades rurais. Est\u00e1 em fase de implementa\u00e7\u00e3o\u00a0no\u00a0Estado o\u00a0Sistema Integrado de Saneamento Rural (Sisar-PE),\u00a0que tem como\u00a0intuito\u00a0garantir que essas localidades recebam investimentos e fa\u00e7am parte do planejamento para universaliza\u00e7\u00e3o dos servi\u00e7os de abastecimento de \u00e1gua e esgotamento sanit\u00e1rio.\u00a0A a\u00e7\u00e3o,\u00a0que busca\u00a0promover\u00a0a sustentabilidade desse sistema, \u00e9 coordenada\u00a0pela Seinfra e a Secretaria de Desenvolvimento Agr\u00e1rio\u00a0(SDA).<\/span><\/span><\/span><\/p>\n<p align=\"justify\"><span style=\"color: #000000;\"><span style=\"font-family: Times New Roman, serif;\"><span>Para possibilitar a cria\u00e7\u00e3o do sistema, foi sancionado, no dia 25 de setembro deste ano, a Lei Complementar n\u00ba 434, instituindo as Microrregi\u00f5es de Saneamento B\u00e1sico de Pernambuco (UGRS). Essa Lei est\u00e1 em conson\u00e2ncia com o novo marco legal do saneamento e busca garantir, mesmo diante dos enormes desafios do setor, a presta\u00e7\u00e3o desses servi\u00e7os de forma planejada.\u00a0O primeiro passo da UGRS foi mapear a demanda de \u00e1gua dessa popula\u00e7\u00e3o com as informa\u00e7\u00f5es sobre o porte da comunidade, dist\u00e2ncia dos mananciais que suprem o abastecimento de \u00e1gua, frequ\u00eancia do abastecimento, entre outras informa\u00e7\u00f5es t\u00e9cnicas.\u00a0A\u00a0etapa\u00a0est\u00e1 sendo\u00a0desenvolvida atrav\u00e9s do cadastramento das comunidades, realizado junto\u00a0aos munic\u00edpios, de forma online, no formul\u00e1rio disponibilizado pelo Governo de Pernambuco. No momento, mais de tr\u00eas mil comunidades rurais de diversos portes\u00a0est\u00e3o\u00a0cadastradas e georeferenciadas.<\/span><\/span><\/span><\/p>\n<p align=\"justify\"><span style=\"color: #000000;\"><span style=\"font-family: Times New Roman, serif;\"><span>No Estado, cerca de dois milh\u00f5es de pessoas vivem e desejam permanecer na zona rural.\u00a0\u201cO Sisar\u00a0\u00e9 uma a\u00e7\u00e3o bastante inovadora. Estamos prestes a instituir o\u00a0primeiro sistema, o da regi\u00e3o do Moxot\u00f3,\u00a0que ser\u00e1 uma institui\u00e7\u00e3o independente e contar\u00e1 com o apoio do Governo do Estado. Nosso objetivo \u00e9 criar a m\u00e9dio prazo 12 unidades de gest\u00e3o da \u00e1gua.\u00a0O sistema\u00a0surge com o objetivo de garantir uma presta\u00e7\u00e3o eficiente dos servi\u00e7os de abastecimento de \u00e1gua e esgotamento sanit\u00e1rio a um pre\u00e7o m\u00f3dico para as comunidades rurais. Na regi\u00e3o do Moxot\u00f3, estima-se que o sistema ir\u00e1 beneficiar 120 mil pessoas de 622 comunidades e 30 mil im\u00f3veis rurais\u201d,\u00a0explica Fernandha.\u00a0Ser\u00e3o contemplados\u00a0os munic\u00edpios de Arcoverde, Bu\u00edque, Cust\u00f3dia, Ibimirim, Ita\u00edba, Manari, Pedra, Sert\u00e2nia, Tupanatinga e Venturosa.<br \/><br \/>Al\u00e9m do Sert\u00e3o do Mox\u00f3to, o sistema ser\u00e1 implantado em outras onze regi\u00f5es do estado (Metropolitana; Mata Norte; Mata Sul; Agreste Central; Meridional; Setentrional; Sert\u00e3o Central: Paje\u00fa; Itaparica; S\u00e3o Francisco e Araripe). Com um modelo de gest\u00e3o compartilhada, a iniciativa tamb\u00e9m busca estabelecer parcerias entre a Compesa, secretarias de Estado, associa\u00e7\u00f5es rurais, munic\u00edpios, e organiza\u00e7\u00f5es da sociedade civil que atuam no territ\u00f3rio das bacias Hidrogr\u00e1ficas dos Rios Moxot\u00f3 e Ipanema. At\u00e9 que autossufici\u00eancia financeira do Sisar seja atingida, o projeto contar\u00e1 com apoio t\u00e9cnico da Compesa e do Instituto Agron\u00f4mico de Pernambuco (IPA).<\/span><\/span><\/span><\/p>\n<p align=\"justify\"><span style=\"color: #000000;\"><span style=\"font-family: Times New Roman, serif;\"><span><br \/><b>Aer\u00f3dromo \u2013<\/b>\u00a0Durante a sess\u00e3o, a deputada Roberta Arraes garantiu emenda no valor de R$ 500 mil para a requalifica\u00e7\u00e3o do aeroporto de Araripina, no Sert\u00e3o pernambucano.<\/span><\/span><\/span><\/p>\n\n\n<p><\/p>\n","protected":false},"excerpt":{"rendered":"<p>Com o intuito de universalizar o acesso \u00e0 \u00e1gua no Estado e garantir mais seguran\u00e7a h\u00eddrica aos pernambucanos, a secret\u00e1ria&hellip;<\/p>\n","protected":false},"author":1,"featured_media":63929,"comment_status":"open","ping_status":"open","sticky":false,"template":"","format":"standard","meta":{"footnotes":""},"categories":[14120],"tags":[2,19532,6,20182],"class_list":["post-63928","post","type-post","status-publish","format-standard","has-post-thumbnail","hentry","category-noticias","tag-blog-do-edvaldo-magalhaes","tag-blog-mais-acessado-e-visualizado-de-caruaru-e-regiao","tag-noticias","tag-secretaria-de-infraestrutura-apresenta-na-alepe-projetos-para-seguranca-hidrica-de-pernambuco"],"_links":{"self":[{"href":"https:\/\/blogdoedvaldomagalhaes.com.br\/index.php\/wp-json\/wp\/v2\/posts\/63928","targetHints":{"allow":["GET"]}}],"collection":[{"href":"https:\/\/blogdoedvaldomagalhaes.com.br\/index.php\/wp-json\/wp\/v2\/posts"}],"about":[{"href":"https:\/\/blogdoedvaldomagalhaes.com.br\/index.php\/wp-json\/wp\/v2\/types\/post"}],"author":[{"embeddable":true,"href":"https:\/\/blogdoedvaldomagalhaes.com.br\/index.php\/wp-json\/wp\/v2\/users\/1"}],"replies":[{"embeddable":true,"href":"https:\/\/blogdoedvaldomagalhaes.com.br\/index.php\/wp-json\/wp\/v2\/comments?post=63928"}],"version-history":[{"count":1,"href":"https:\/\/blogdoedvaldomagalhaes.com.br\/index.php\/wp-json\/wp\/v2\/posts\/63928\/revisions"}],"predecessor-version":[{"id":63930,"href":"https:\/\/blogdoedvaldomagalhaes.com.br\/index.php\/wp-json\/wp\/v2\/posts\/63928\/revisions\/63930"}],"wp:featuredmedia":[{"embeddable":true,"href":"https:\/\/blogdoedvaldomagalhaes.com.br\/index.php\/wp-json\/wp\/v2\/media\/63929"}],"wp:attachment":[{"href":"https:\/\/blogdoedvaldomagalhaes.com.br\/index.php\/wp-json\/wp\/v2\/media?parent=63928"}],"wp:term":[{"taxonomy":"category","embeddable":true,"href":"https:\/\/blogdoedvaldomagalhaes.com.br\/index.php\/wp-json\/wp\/v2\/categories?post=63928"},{"taxonomy":"post_tag","embeddable":true,"href":"https:\/\/blogdoedvaldomagalhaes.com.br\/index.php\/wp-json\/wp\/v2\/tags?post=63928"}],"curies":[{"name":"wp","href":"https:\/\/api.w.org\/{rel}","templated":true}]}}