{"id":63919,"date":"2020-11-18T21:42:50","date_gmt":"2020-11-19T00:42:50","guid":{"rendered":"https:\/\/blogdoedvaldomagalhaes.com.br\/?p=63919"},"modified":"2020-11-18T21:57:54","modified_gmt":"2020-11-19T00:57:54","slug":"homem-e-assassinado-dentro-da-propria-residencia-em-caruaru","status":"publish","type":"post","link":"https:\/\/blogdoedvaldomagalhaes.com.br\/index.php\/2020\/11\/18\/homem-e-assassinado-dentro-da-propria-residencia-em-caruaru\/","title":{"rendered":"Homem \u00e9 assassinado dentro da pr\u00f3pria resid\u00eancia em Caruaru"},"content":{"rendered":"<p style=\"text-align: justify;\">O homic\u00eddio foi regi\u00e3o na noite desta quarta-feira (18), na rua Inaldo Manoel, na Vila Padre In\u00e1cio, em Caruaru. O ex-presidi\u00e1rio Paulo S\u00e9rgio da Silva, conhecido como Paulinho, 50 anos de idade, estava desempregado, foi assassinado a tiros dentro da pr\u00f3pria resid\u00eancia. A v\u00edtima j\u00e1 teve passagem pela pol\u00edcia, acusada de tr\u00e1fico de drogas.<\/p>\n<p style=\"text-align: justify;\">Este \u00e9 o 6\u00b0 homic\u00eddio do m\u00eas de novembro em Caruaru. De janeiro at\u00e9 agora 122 pessoas foram assassinadas no munic\u00edpio.<\/p>\n","protected":false},"excerpt":{"rendered":"<p>O homic\u00eddio foi regi\u00e3o na noite desta quarta-feira (18), na rua Inaldo Manoel, na Vila Padre In\u00e1cio, em Caruaru. O&hellip;<\/p>\n","protected":false},"author":1,"featured_media":63920,"comment_status":"open","ping_status":"open","sticky":false,"template":"","format":"standard","meta":{"footnotes":""},"categories":[14121],"tags":[2,19532,20181,5448],"class_list":["post-63919","post","type-post","status-publish","format-standard","has-post-thumbnail","hentry","category-policial","tag-blog-do-edvaldo-magalhaes","tag-blog-mais-acessado-e-visualizado-de-caruaru-e-regiao","tag-homem-e-assassinado-dentro-da-propria-residencia-em-caruaru","tag-homicidio"],"_links":{"self":[{"href":"https:\/\/blogdoedvaldomagalhaes.com.br\/index.php\/wp-json\/wp\/v2\/posts\/63919","targetHints":{"allow":["GET"]}}],"collection":[{"href":"https:\/\/blogdoedvaldomagalhaes.com.br\/index.php\/wp-json\/wp\/v2\/posts"}],"about":[{"href":"https:\/\/blogdoedvaldomagalhaes.com.br\/index.php\/wp-json\/wp\/v2\/types\/post"}],"author":[{"embeddable":true,"href":"https:\/\/blogdoedvaldomagalhaes.com.br\/index.php\/wp-json\/wp\/v2\/users\/1"}],"replies":[{"embeddable":true,"href":"https:\/\/blogdoedvaldomagalhaes.com.br\/index.php\/wp-json\/wp\/v2\/comments?post=63919"}],"version-history":[{"count":5,"href":"https:\/\/blogdoedvaldomagalhaes.com.br\/index.php\/wp-json\/wp\/v2\/posts\/63919\/revisions"}],"predecessor-version":[{"id":63926,"href":"https:\/\/blogdoedvaldomagalhaes.com.br\/index.php\/wp-json\/wp\/v2\/posts\/63919\/revisions\/63926"}],"wp:featuredmedia":[{"embeddable":true,"href":"https:\/\/blogdoedvaldomagalhaes.com.br\/index.php\/wp-json\/wp\/v2\/media\/63920"}],"wp:attachment":[{"href":"https:\/\/blogdoedvaldomagalhaes.com.br\/index.php\/wp-json\/wp\/v2\/media?parent=63919"}],"wp:term":[{"taxonomy":"category","embeddable":true,"href":"https:\/\/blogdoedvaldomagalhaes.com.br\/index.php\/wp-json\/wp\/v2\/categories?post=63919"},{"taxonomy":"post_tag","embeddable":true,"href":"https:\/\/blogdoedvaldomagalhaes.com.br\/index.php\/wp-json\/wp\/v2\/tags?post=63919"}],"curies":[{"name":"wp","href":"https:\/\/api.w.org\/{rel}","templated":true}]}}