{"id":6381,"date":"2017-03-31T02:43:00","date_gmt":"2017-03-31T05:43:00","guid":{"rendered":"http:\/\/blogdoedvaldomagalhaes.com.br\/index.php\/2017\/03\/31\/homicidio-no-bairro-salgado-em-caruaru\/"},"modified":"2019-02-09T01:21:48","modified_gmt":"2019-02-09T03:21:48","slug":"homicidio-no-bairro-salgado-em-caruaru","status":"publish","type":"post","link":"https:\/\/blogdoedvaldomagalhaes.com.br\/index.php\/2017\/03\/31\/homicidio-no-bairro-salgado-em-caruaru\/","title":{"rendered":"Homic\u00eddio no bairro Salgado em Caruaru"},"content":{"rendered":"<div class=\"separator\" style=\"clear: both; text-align: center;\">\n<a href=\"https:\/\/3.bp.blogspot.com\/-z6oCQfvcW_0\/WN3BPOPHY3I\/AAAAAAAASk4\/MVLC5jDs2FgVmk9wcvGK3T-kTxZ43Bb5ACLcB\/s1600\/crime.jpg\" imageanchor=\"1\" style=\"margin-left: 1em; margin-right: 1em;\"><img loading=\"lazy\" decoding=\"async\" border=\"0\" height=\"400\" src=\"http:\/\/blogdoedvaldomagalhaes.com.br\/wp-content\/uploads\/2017\/03\/crime-8.jpg\" width=\"300\" \/><\/a><\/div>\n<div class=\"separator\" style=\"clear: both; text-align: center;\">\nFoto: Reprodu\u00e7\u00e3o\/WhatsApp<\/div>\n<div class=\"separator\" style=\"clear: both; text-align: center;\">\n<\/div>\n<div class=\"separator\" style=\"clear: both; text-align: center;\">\n<\/div>\n<div style=\"text-align: justify;\">\nO ex-presidi\u00e1rio Miqueias Paulo dos Santos, 24 anos, foi executado com tiros na cabe\u00e7a por volta das 23h15 desta noite de quinta-feira (30), na rua Presidente Sarmiento, transversal da Bartolomeu de Anacleto, no bairro&nbsp;do Salgado, ao lado da Igreja Santa Terezinha, pr\u00f3ximo a caixa d&#8217;\u00e1gua. Miqueias estava em uma cal\u00e7ada, quando apareceu um ve\u00edculo de onde sa\u00edram pessoas encapuzadas e cometeram o&nbsp;crime.&nbsp;Segundo familiares, o jovem era usu\u00e1rio de drogas.<\/p>\n<div class=\"separator\" style=\"clear: both; text-align: center;\">\n<a href=\"https:\/\/4.bp.blogspot.com\/-pJnL8x3gCOU\/WN4qLp7arqI\/AAAAAAAASmU\/OQZ_crwwM44LFIQ4XJLemhfx_jhtd8p9gCLcB\/s1600\/pedras.JPG\" imageanchor=\"1\" style=\"margin-left: 1em; margin-right: 1em;\"><img loading=\"lazy\" decoding=\"async\" border=\"0\" height=\"265\" src=\"http:\/\/blogdoedvaldomagalhaes.com.br\/wp-content\/uploads\/2017\/03\/pedras.jpg\" width=\"400\" \/><\/a><\/div>\n<div class=\"separator\" style=\"clear: both; text-align: center;\">\nEncontradas bolsas para adicionar pedras de crack ao lado do corpo<\/div>\n<div class=\"separator\" style=\"clear: both; text-align: center;\">\n<a href=\"https:\/\/4.bp.blogspot.com\/-YSFjYa8l4XU\/WN3HjDXOjlI\/AAAAAAAASlo\/IHgXqzI8EEQX_Fban0ncxydIOrO064MfQCLcB\/s1600\/vitima.jpg\" imageanchor=\"1\" style=\"margin-left: 1em; margin-right: 1em;\"><img loading=\"lazy\" decoding=\"async\" border=\"0\" height=\"400\" src=\"http:\/\/blogdoedvaldomagalhaes.com.br\/wp-content\/uploads\/2017\/03\/vitima-4.jpg\" width=\"400\" \/><\/a><\/div>\n<p><\/div>\n<div style=\"text-align: justify;\">\nEste \u00e9 o 28\u00ba homic\u00eddio do m\u00eas de mar\u00e7o e o 70\u00ba do ano em Caruaru.<\/p>\n<p><\/p>\n<div class=\"separator\" style=\"clear: both; text-align: center;\">\n<a href=\"http:\/\/blogdoedvaldomagalhaes.com.br\/wp-content\/uploads\/2017\/03\/3-Coletivo-1.jpg\" imageanchor=\"1\" style=\"clear: left; float: left; margin-bottom: 1em; margin-right: 1em;\"><img decoding=\"async\" border=\"0\" src=\"http:\/\/blogdoedvaldomagalhaes.com.br\/wp-content\/uploads\/2017\/03\/3-Coletivo-1.jpg\" \/><\/a><\/div>\n<p><\/div>\n","protected":false},"excerpt":{"rendered":"<p>Foto: Reprodu\u00e7\u00e3o\/WhatsApp O ex-presidi\u00e1rio Miqueias Paulo dos Santos, 24 anos, foi executado com tiros na cabe\u00e7a por volta das 23h15&hellip;<\/p>\n","protected":false},"author":1,"featured_media":0,"comment_status":"open","ping_status":"open","sticky":false,"template":"","format":"standard","meta":{"footnotes":""},"categories":[1],"tags":[2,8601,13],"class_list":["post-6381","post","type-post","status-publish","format-standard","hentry","category-sem-categoria","tag-blog-do-edvaldo-magalhaes","tag-homicidio-no-bairro-salgado-em-caruaru","tag-policial"],"_links":{"self":[{"href":"https:\/\/blogdoedvaldomagalhaes.com.br\/index.php\/wp-json\/wp\/v2\/posts\/6381","targetHints":{"allow":["GET"]}}],"collection":[{"href":"https:\/\/blogdoedvaldomagalhaes.com.br\/index.php\/wp-json\/wp\/v2\/posts"}],"about":[{"href":"https:\/\/blogdoedvaldomagalhaes.com.br\/index.php\/wp-json\/wp\/v2\/types\/post"}],"author":[{"embeddable":true,"href":"https:\/\/blogdoedvaldomagalhaes.com.br\/index.php\/wp-json\/wp\/v2\/users\/1"}],"replies":[{"embeddable":true,"href":"https:\/\/blogdoedvaldomagalhaes.com.br\/index.php\/wp-json\/wp\/v2\/comments?post=6381"}],"version-history":[{"count":1,"href":"https:\/\/blogdoedvaldomagalhaes.com.br\/index.php\/wp-json\/wp\/v2\/posts\/6381\/revisions"}],"predecessor-version":[{"id":18266,"href":"https:\/\/blogdoedvaldomagalhaes.com.br\/index.php\/wp-json\/wp\/v2\/posts\/6381\/revisions\/18266"}],"wp:attachment":[{"href":"https:\/\/blogdoedvaldomagalhaes.com.br\/index.php\/wp-json\/wp\/v2\/media?parent=6381"}],"wp:term":[{"taxonomy":"category","embeddable":true,"href":"https:\/\/blogdoedvaldomagalhaes.com.br\/index.php\/wp-json\/wp\/v2\/categories?post=6381"},{"taxonomy":"post_tag","embeddable":true,"href":"https:\/\/blogdoedvaldomagalhaes.com.br\/index.php\/wp-json\/wp\/v2\/tags?post=6381"}],"curies":[{"name":"wp","href":"https:\/\/api.w.org\/{rel}","templated":true}]}}