{"id":6379,"date":"2017-03-31T09:46:00","date_gmt":"2017-03-31T12:46:00","guid":{"rendered":"http:\/\/blogdoedvaldomagalhaes.com.br\/index.php\/2017\/03\/31\/dezessete-pessoas-assassinadas-no\/"},"modified":"2019-02-09T01:21:49","modified_gmt":"2019-02-09T03:21:49","slug":"dezessete-pessoas-assassinadas-no","status":"publish","type":"post","link":"https:\/\/blogdoedvaldomagalhaes.com.br\/index.php\/2017\/03\/31\/dezessete-pessoas-assassinadas-no\/","title":{"rendered":"Dezessete pessoas  assassinadas no estado nas \u00faltimas 24h"},"content":{"rendered":"<div class=\"separator\" style=\"clear: both; text-align: center;\">\n<a href=\"https:\/\/2.bp.blogspot.com\/-l0-vNy5wdgI\/WN4lYvqeE0I\/AAAAAAAASl4\/Ovf0_hk_l0QXRno0CS2gas6a4Kr7kvkvACLcB\/s1600\/homicidio.jpg\" imageanchor=\"1\" style=\"margin-left: 1em; margin-right: 1em;\"><img loading=\"lazy\" decoding=\"async\" border=\"0\" height=\"234\" src=\"http:\/\/blogdoedvaldomagalhaes.com.br\/wp-content\/uploads\/2017\/03\/homicidio-2.jpg\" width=\"400\" \/><\/a><\/div>\n<div style=\"background-color: white; box-sizing: border-box; line-height: 24px; margin-bottom: 10px; text-align: justify;\">\n<\/div>\n<div style=\"background-color: white; box-sizing: border-box; line-height: 24px; margin-bottom: 10px; text-align: justify;\">\nDezessete pessoas foram assassinadas em Pernambuco nas \u00faltimas 24 horas, sendo 6 no Grande Recife e 11 no interior do Estado.<\/div>\n<div style=\"background-color: white; box-sizing: border-box; line-height: 24px; margin-bottom: 10px; text-align: justify;\">\nEm Caruaru, foram registrados dois homic\u00eddios nessa quinta-feira (30). O primeiro aconteceu no in\u00edcio da manh\u00e3, na Rua Goi\u00e1s, entre Alto da Balan\u00e7a e Salgado. Felipe J\u00falio da Silva, 18 anos, foi morto com pedradas na cabe\u00e7a. Ele era natural de Arapiraca, Alagoas. A fam\u00edlia acredita em crime passional.<\/div>\n<div style=\"background-color: white; box-sizing: border-box; line-height: 24px; margin-bottom: 10px; text-align: justify;\">\nO segundo assassinato aconteceu no final da noite. O ex-presidi\u00e1rio Miqueias Paulo dos Santos, 24 anos, foi morto com tiros na cabe\u00e7a na Rua Presidente Sarmiento, bairro do Salgado. Segundo familiares, o jovem era usu\u00e1rio de drogas.<\/div>\n<div style=\"background-color: white; box-sizing: border-box; line-height: 24px; margin-bottom: 10px; text-align: justify;\">\nCom os dois homic\u00eddios, sobe para 28 o n\u00famero de pessoas assassinadas em mar\u00e7o e para 70 neste ano de 2017.<\/div>\n<div style=\"background-color: white; box-sizing: border-box; line-height: 24px; margin-bottom: 10px; text-align: justify;\">\nA pol\u00edcia tamb\u00e9m registrou cinco tentativas de homic\u00eddios na Capital do Agreste, nos bairros Petr\u00f3polis, S\u00e3o Francisco, Santa Rosa, Maur\u00edcio de Nassau e Centro.<\/div>\n<div style=\"background-color: white; box-sizing: border-box; line-height: 24px; margin-bottom: 10px; text-align: justify;\">\nE seis pessoas foram presas, sendo duas por Lei Maria da Penha e quatro por mandados de busca e apreens\u00e3o.<\/div>\n<div style=\"background-color: white; box-sizing: border-box; line-height: 24px; margin-bottom: 10px; text-align: justify;\">\nEm Bom Jardim, um casal foi assassinado a tiros. O duplo homic\u00eddio aconteceu no Altos, zona rural do munic\u00edpio. Foram mortos<br style=\"box-sizing: border-box;\" \/>Ant\u00f4nio da Silva Ribeiro, 34 anos, e M\u00f4nica Ferreira da Silva, 39. Um ex-companheiro de M\u00f4nica \u00e9 suspeito de ter praticado o crime<\/div>\n<div style=\"background-color: white; box-sizing: border-box; line-height: 24px; margin-bottom: 10px; text-align: justify;\">\nEm Belo Jardim, foi morto um homem de 37 anos. Vandui C\u00edcero da Silva foi atingido com v\u00e1rios tiros, no Bairro Cohab I.<\/p>\n<p>Fonte: R\u00e1dio Liberdade.<\/p>\n<div class=\"separator\" style=\"clear: both; text-align: center;\">\n<a href=\"http:\/\/blogdoedvaldomagalhaes.com.br\/wp-content\/uploads\/2017\/03\/sismuc-9.jpg\" imageanchor=\"1\" style=\"clear: left; float: left; margin-bottom: 1em; margin-right: 1em;\"><img decoding=\"async\" border=\"0\" src=\"http:\/\/blogdoedvaldomagalhaes.com.br\/wp-content\/uploads\/2017\/03\/sismuc-9.jpg\" \/><\/a><\/div>\n<p><\/div>\n","protected":false},"excerpt":{"rendered":"<p>Dezessete pessoas foram assassinadas em Pernambuco nas \u00faltimas 24 horas, sendo 6 no Grande Recife e 11 no interior do&hellip;<\/p>\n","protected":false},"author":1,"featured_media":0,"comment_status":"open","ping_status":"open","sticky":false,"template":"","format":"standard","meta":{"footnotes":""},"categories":[1],"tags":[2,8599,13],"class_list":["post-6379","post","type-post","status-publish","format-standard","hentry","category-sem-categoria","tag-blog-do-edvaldo-magalhaes","tag-dezessete-pessoas-assassinadas-no-estado-nas-ultimas-24h","tag-policial"],"_links":{"self":[{"href":"https:\/\/blogdoedvaldomagalhaes.com.br\/index.php\/wp-json\/wp\/v2\/posts\/6379","targetHints":{"allow":["GET"]}}],"collection":[{"href":"https:\/\/blogdoedvaldomagalhaes.com.br\/index.php\/wp-json\/wp\/v2\/posts"}],"about":[{"href":"https:\/\/blogdoedvaldomagalhaes.com.br\/index.php\/wp-json\/wp\/v2\/types\/post"}],"author":[{"embeddable":true,"href":"https:\/\/blogdoedvaldomagalhaes.com.br\/index.php\/wp-json\/wp\/v2\/users\/1"}],"replies":[{"embeddable":true,"href":"https:\/\/blogdoedvaldomagalhaes.com.br\/index.php\/wp-json\/wp\/v2\/comments?post=6379"}],"version-history":[{"count":1,"href":"https:\/\/blogdoedvaldomagalhaes.com.br\/index.php\/wp-json\/wp\/v2\/posts\/6379\/revisions"}],"predecessor-version":[{"id":18272,"href":"https:\/\/blogdoedvaldomagalhaes.com.br\/index.php\/wp-json\/wp\/v2\/posts\/6379\/revisions\/18272"}],"wp:attachment":[{"href":"https:\/\/blogdoedvaldomagalhaes.com.br\/index.php\/wp-json\/wp\/v2\/media?parent=6379"}],"wp:term":[{"taxonomy":"category","embeddable":true,"href":"https:\/\/blogdoedvaldomagalhaes.com.br\/index.php\/wp-json\/wp\/v2\/categories?post=6379"},{"taxonomy":"post_tag","embeddable":true,"href":"https:\/\/blogdoedvaldomagalhaes.com.br\/index.php\/wp-json\/wp\/v2\/tags?post=6379"}],"curies":[{"name":"wp","href":"https:\/\/api.w.org\/{rel}","templated":true}]}}