{"id":6378,"date":"2017-03-31T10:04:00","date_gmt":"2017-03-31T13:04:00","guid":{"rendered":"http:\/\/blogdoedvaldomagalhaes.com.br\/index.php\/2017\/03\/31\/esculturas-homenageiam-idealizadores-da\/"},"modified":"2019-02-09T01:21:49","modified_gmt":"2019-02-09T03:21:49","slug":"esculturas-homenageiam-idealizadores-da","status":"publish","type":"post","link":"https:\/\/blogdoedvaldomagalhaes.com.br\/index.php\/2017\/03\/31\/esculturas-homenageiam-idealizadores-da\/","title":{"rendered":"Esculturas homenageiam idealizadores da Paix\u00e3o de Cristo em Nova Jerusal\u00e9m"},"content":{"rendered":"<div class=\"MsoNormal\" style=\"background-color: white; color: #222222; font-family: Arial, Tahoma, Helvetica, FreeSans, sans-serif; font-size: 13.2px; text-align: justify;\">\n<div class=\"separator\" style=\"clear: both; text-align: center;\">\n<a href=\"https:\/\/2.bp.blogspot.com\/-_udtOGm3730\/WN4o-f_4PpI\/AAAAAAAASmE\/w4HcH0H22kMRYC9sewEhW-aArXKLanazACLcB\/s1600\/plinio.jpeg\" imageanchor=\"1\" style=\"margin-left: 1em; margin-right: 1em;\"><img loading=\"lazy\" decoding=\"async\" border=\"0\" height=\"231\" src=\"http:\/\/blogdoedvaldomagalhaes.com.br\/wp-content\/uploads\/2017\/03\/plinio.jpeg\" width=\"400\" \/><\/a><\/div>\n<div class=\"MsoNormal\" style=\"background-attachment: initial; background-clip: initial; background-image: initial; background-origin: initial; background-position: initial; background-repeat: initial; background-size: initial; line-height: normal; margin-bottom: 0.0001pt;\">\n<br \/>\nNesta quarta feira (29), o teatro de Nova Jerusal\u00e9m recebeu esculturas dos<br \/>\nidealizadores da Paix\u00e3o de Cristo, o maior teatro ao ar livre do mundo. As<br \/>\nesculturas que fazem parte do Cinquenten\u00e1rio da Paix\u00e3o de Cristo ser\u00e3o<br \/>\ninaugurados na sexta-feira (07 de abril) com as presen\u00e7as de autoridades e<br \/>\nconvidados.<\/div>\n<div class=\"separator\" style=\"clear: both; text-align: center;\">\n<a href=\"https:\/\/2.bp.blogspot.com\/-5K2nucjJc6c\/WN4pD14yMnI\/AAAAAAAASmI\/EHNWMvR4rIQLcs2XxJHe1goqZGtYSmtcQCLcB\/s1600\/fn.jpeg\" imageanchor=\"1\" style=\"margin-left: 1em; margin-right: 1em;\"><img loading=\"lazy\" decoding=\"async\" border=\"0\" height=\"221\" src=\"http:\/\/blogdoedvaldomagalhaes.com.br\/wp-content\/uploads\/2017\/03\/fn.jpeg\" width=\"320\" \/><\/a><\/div>\n<div class=\"MsoNormal\" style=\"background-attachment: initial; background-clip: initial; background-image: initial; background-origin: initial; background-position: initial; background-repeat: initial; background-size: initial; line-height: normal; margin-bottom: 0.0001pt;\">\n<\/div>\n<div class=\"MsoNormal\" style=\"background-attachment: initial; background-clip: initial; background-image: initial; background-origin: initial; background-position: initial; background-repeat: initial; background-size: initial; line-height: normal; margin-bottom: 0.0001pt;\">\n<\/div>\n<div class=\"MsoNormal\" style=\"background-attachment: initial; background-clip: initial; background-image: initial; background-origin: initial; background-position: initial; background-repeat: initial; background-size: initial; line-height: normal; margin-bottom: 0.0001pt;\">\nAs esculturas s\u00e3o de Pl\u00ednio Pacheco e<br \/>\nseu Cas\u00e9, este \u00faltimo um trabalhador de Nova Jerusal\u00e9m que residia em Barra do<br \/>\nFarias e dedicou 40 anos de sua vida na constru\u00e7\u00e3o do teatro e foi ele quem<br \/>\nensinou os funcion\u00e1rios de Pl\u00ednio a trabalharem com pedras. Com isso, seu Cas\u00e9<br \/>\nter\u00e1 em sua homenagem uma torre que leva o nome de Torre de Cas\u00e9.<\/div>\n<div class=\"MsoNormal\" style=\"background-attachment: initial; background-clip: initial; background-image: initial; background-origin: initial; background-position: initial; background-repeat: initial; background-size: initial; margin-bottom: 0.0001pt;\">\nOutra escultura \u00e9 a replica da Pi\u00e9ta<br \/>\nde Leonardo da Vinci que tem rosto da atriz Diva Pacheco, esposa de Plinio<br \/>\nPacheco, que interpretou Maria durante muitos anos e o rosto de Luiz Mendon\u00e7a<br \/>\nque foi o primeiro Cristo nos espet\u00e1culos que acontecia na Vila de Fazenda<br \/>\nNova.<\/div>\n<div class=\"MsoNormal\" style=\"background-attachment: initial; background-clip: initial; background-image: initial; background-origin: initial; background-position: initial; background-repeat: initial; background-size: initial; margin-bottom: 0.0001pt;\">\n<\/div>\n<div class=\"MsoNormal\" style=\"background-attachment: initial; background-clip: initial; background-image: initial; background-origin: initial; background-position: initial; background-repeat: initial; background-size: initial; margin-bottom: 0.0001pt;\">\nO Presidente da Sociedade Teatral de<br \/>\nFazenda Nova Robinson Pacheco esteve acompanhando de perto a coloca\u00e7\u00e3o das<br \/>\nest\u00e1tuas ao lado do artista pl\u00e1stico Caxiado, que foi o autor da produ\u00e7\u00e3o das<br \/>\nesculturas.<\/p>\n<p><\/p>\n<div class=\"separator\" style=\"clear: both; text-align: center;\">\n<a href=\"http:\/\/blogdoedvaldomagalhaes.com.br\/wp-content\/uploads\/2017\/03\/coletivo.jpg\" imageanchor=\"1\" style=\"clear: left; float: left; margin-bottom: 1em; margin-right: 1em;\"><img decoding=\"async\" border=\"0\" src=\"http:\/\/blogdoedvaldomagalhaes.com.br\/wp-content\/uploads\/2017\/03\/coletivo.jpg\" \/><\/a><\/div>\n<p><\/div>\n<\/div>\n","protected":false},"excerpt":{"rendered":"<p>Nesta quarta feira (29), o teatro de Nova Jerusal\u00e9m recebeu esculturas dos idealizadores da Paix\u00e3o de Cristo, o maior teatro&hellip;<\/p>\n","protected":false},"author":1,"featured_media":0,"comment_status":"open","ping_status":"open","sticky":false,"template":"","format":"standard","meta":{"footnotes":""},"categories":[1],"tags":[2,8597,8598,6,8564,1844],"class_list":["post-6378","post","type-post","status-publish","format-standard","hentry","category-sem-categoria","tag-blog-do-edvaldo-magalhaes","tag-diva-pacheco","tag-esculturas-homenageiam-idealizadores-da-paixao-de-cristo-em-nova-jerusalem","tag-noticias","tag-plinio-pacheco","tag-robinson-pacheco"],"_links":{"self":[{"href":"https:\/\/blogdoedvaldomagalhaes.com.br\/index.php\/wp-json\/wp\/v2\/posts\/6378","targetHints":{"allow":["GET"]}}],"collection":[{"href":"https:\/\/blogdoedvaldomagalhaes.com.br\/index.php\/wp-json\/wp\/v2\/posts"}],"about":[{"href":"https:\/\/blogdoedvaldomagalhaes.com.br\/index.php\/wp-json\/wp\/v2\/types\/post"}],"author":[{"embeddable":true,"href":"https:\/\/blogdoedvaldomagalhaes.com.br\/index.php\/wp-json\/wp\/v2\/users\/1"}],"replies":[{"embeddable":true,"href":"https:\/\/blogdoedvaldomagalhaes.com.br\/index.php\/wp-json\/wp\/v2\/comments?post=6378"}],"version-history":[{"count":1,"href":"https:\/\/blogdoedvaldomagalhaes.com.br\/index.php\/wp-json\/wp\/v2\/posts\/6378\/revisions"}],"predecessor-version":[{"id":18276,"href":"https:\/\/blogdoedvaldomagalhaes.com.br\/index.php\/wp-json\/wp\/v2\/posts\/6378\/revisions\/18276"}],"wp:attachment":[{"href":"https:\/\/blogdoedvaldomagalhaes.com.br\/index.php\/wp-json\/wp\/v2\/media?parent=6378"}],"wp:term":[{"taxonomy":"category","embeddable":true,"href":"https:\/\/blogdoedvaldomagalhaes.com.br\/index.php\/wp-json\/wp\/v2\/categories?post=6378"},{"taxonomy":"post_tag","embeddable":true,"href":"https:\/\/blogdoedvaldomagalhaes.com.br\/index.php\/wp-json\/wp\/v2\/tags?post=6378"}],"curies":[{"name":"wp","href":"https:\/\/api.w.org\/{rel}","templated":true}]}}