{"id":6348,"date":"2017-04-03T13:53:00","date_gmt":"2017-04-03T16:53:00","guid":{"rendered":"http:\/\/blogdoedvaldomagalhaes.com.br\/index.php\/2017\/04\/03\/jogos-escolares-de-caruaru-serao\/"},"modified":"2019-02-09T01:22:11","modified_gmt":"2019-02-09T03:22:11","slug":"jogos-escolares-de-caruaru-serao","status":"publish","type":"post","link":"https:\/\/blogdoedvaldomagalhaes.com.br\/index.php\/2017\/04\/03\/jogos-escolares-de-caruaru-serao\/","title":{"rendered":"Jogos Escolares de Caruaru ser\u00e3o realizados no segundo semestre"},"content":{"rendered":"<div class=\"separator\" style=\"clear: both; text-align: center;\">\n<a href=\"https:\/\/4.bp.blogspot.com\/-Up2y17rm49Y\/WOJTeOzVAdI\/AAAAAAAAS0o\/oub89T9vz6UlWhm-M5j3Y79gOJzttd67ACLcB\/s1600\/jogods.jpg\" imageanchor=\"1\" style=\"margin-left: 1em; margin-right: 1em;\"><img loading=\"lazy\" decoding=\"async\" border=\"0\" height=\"251\" src=\"http:\/\/blogdoedvaldomagalhaes.com.br\/wp-content\/uploads\/2017\/04\/jogods.jpg\" width=\"400\" \/><\/a><\/div>\n<div class=\"MsoNormal\" style=\"line-height: normal; mso-margin-bottom-alt: auto; mso-margin-top-alt: auto; text-align: justify;\">\n<\/div>\n<div class=\"MsoNormal\" style=\"line-height: normal; mso-margin-bottom-alt: auto; mso-margin-top-alt: auto; text-align: justify;\">\nA Prefeitura de Caruaru, atrav\u00e9s da Secretaria de<br \/>\nEduca\u00e7\u00e3o, promove nesta ter\u00e7a-feira (04), uma reuni\u00e3o com os dirigentes de<br \/>\nescolas municipais, estaduais e particulares do munic\u00edpio. O objetivo \u00e9<br \/>\napresentar e discutir o planejamento e o calend\u00e1rio da 15\u00aa edi\u00e7\u00e3o dos Jogos<br \/>\nEscolares de Caruaru, para que aconte\u00e7a no m\u00eas de setembro. <\/div>\n<div class=\"MsoNormal\" style=\"line-height: normal; mso-margin-bottom-alt: auto; mso-margin-top-alt: auto; text-align: justify;\">\n<\/div>\n<div class=\"MsoNormal\" style=\"line-height: normal; mso-margin-bottom-alt: auto; mso-margin-top-alt: auto; text-align: justify;\">\n\u201cTivemos informa\u00e7\u00f5es de que os Jogos<br \/>\nEscolares j\u00e1 n\u00e3o aconteciam aqui na cidade como deveria. A gest\u00e3o da prefeita<br \/>\nRaquel Lyra compreende a necessidade da realiza\u00e7\u00e3o do evento para firmar e<br \/>\nincentivar a pr\u00e1tica esportiva dentro das unidades de ensino, j\u00e1 que sabemos<br \/>\nque o esporte apresenta efeitos ben\u00e9ficos a fun\u00e7\u00e3o comportamental e para as<br \/>\nsa\u00fades f\u00edsica e mental\u201d, afirmou Rubenildo Moura, secret\u00e1rio de Educa\u00e7\u00e3o.&nbsp;<\/p>\n<div class=\"separator\" style=\"clear: both; text-align: center;\">\n<a href=\"http:\/\/blogdoedvaldomagalhaes.com.br\/wp-content\/uploads\/2017\/04\/6-STR-2.jpg\" imageanchor=\"1\" style=\"clear: left; float: left; margin-bottom: 1em; margin-right: 1em;\"><img decoding=\"async\" border=\"0\" src=\"http:\/\/blogdoedvaldomagalhaes.com.br\/wp-content\/uploads\/2017\/04\/6-STR-2.jpg\" \/><\/a><\/div>\n<p><\/div>\n","protected":false},"excerpt":{"rendered":"<p>A Prefeitura de Caruaru, atrav\u00e9s da Secretaria de Educa\u00e7\u00e3o, promove nesta ter\u00e7a-feira (04), uma reuni\u00e3o com os dirigentes de escolas&hellip;<\/p>\n","protected":false},"author":1,"featured_media":0,"comment_status":"open","ping_status":"open","sticky":false,"template":"","format":"standard","meta":{"footnotes":""},"categories":[1],"tags":[2,8553,6,1229,4526],"class_list":["post-6348","post","type-post","status-publish","format-standard","hentry","category-sem-categoria","tag-blog-do-edvaldo-magalhaes","tag-jogos-escolares-de-caruaru-serao-realizados-no-segundo-semestre","tag-noticias","tag-raquel-lyra","tag-rubenildo-moura"],"_links":{"self":[{"href":"https:\/\/blogdoedvaldomagalhaes.com.br\/index.php\/wp-json\/wp\/v2\/posts\/6348","targetHints":{"allow":["GET"]}}],"collection":[{"href":"https:\/\/blogdoedvaldomagalhaes.com.br\/index.php\/wp-json\/wp\/v2\/posts"}],"about":[{"href":"https:\/\/blogdoedvaldomagalhaes.com.br\/index.php\/wp-json\/wp\/v2\/types\/post"}],"author":[{"embeddable":true,"href":"https:\/\/blogdoedvaldomagalhaes.com.br\/index.php\/wp-json\/wp\/v2\/users\/1"}],"replies":[{"embeddable":true,"href":"https:\/\/blogdoedvaldomagalhaes.com.br\/index.php\/wp-json\/wp\/v2\/comments?post=6348"}],"version-history":[{"count":1,"href":"https:\/\/blogdoedvaldomagalhaes.com.br\/index.php\/wp-json\/wp\/v2\/posts\/6348\/revisions"}],"predecessor-version":[{"id":18390,"href":"https:\/\/blogdoedvaldomagalhaes.com.br\/index.php\/wp-json\/wp\/v2\/posts\/6348\/revisions\/18390"}],"wp:attachment":[{"href":"https:\/\/blogdoedvaldomagalhaes.com.br\/index.php\/wp-json\/wp\/v2\/media?parent=6348"}],"wp:term":[{"taxonomy":"category","embeddable":true,"href":"https:\/\/blogdoedvaldomagalhaes.com.br\/index.php\/wp-json\/wp\/v2\/categories?post=6348"},{"taxonomy":"post_tag","embeddable":true,"href":"https:\/\/blogdoedvaldomagalhaes.com.br\/index.php\/wp-json\/wp\/v2\/tags?post=6348"}],"curies":[{"name":"wp","href":"https:\/\/api.w.org\/{rel}","templated":true}]}}