{"id":6347,"date":"2017-04-03T14:06:00","date_gmt":"2017-04-03T17:06:00","guid":{"rendered":"http:\/\/blogdoedvaldomagalhaes.com.br\/index.php\/2017\/04\/03\/procon-alerta-para-mudancas-no-cartao\/"},"modified":"2019-02-09T01:22:15","modified_gmt":"2019-02-09T03:22:15","slug":"procon-alerta-para-mudancas-no-cartao","status":"publish","type":"post","link":"https:\/\/blogdoedvaldomagalhaes.com.br\/index.php\/2017\/04\/03\/procon-alerta-para-mudancas-no-cartao\/","title":{"rendered":"PROCON alerta para mudan\u00e7as no cart\u00e3o de cr\u00e9dito"},"content":{"rendered":"<div class=\"separator\" style=\"clear: both; text-align: center;\">\n<a href=\"https:\/\/2.bp.blogspot.com\/-FP9JekZlYYc\/WOJWy6ob-7I\/AAAAAAAAS04\/DDC6bXjwuAQixaAXr6t0hdmuLbbUov2lACLcB\/s1600\/cart%25C3%25B5es.jpg\" imageanchor=\"1\" style=\"margin-left: 1em; margin-right: 1em;\"><img loading=\"lazy\" decoding=\"async\" border=\"0\" height=\"266\" src=\"http:\/\/blogdoedvaldomagalhaes.com.br\/wp-content\/uploads\/2017\/04\/cartC3B5es.jpg\" width=\"400\" \/><\/a><\/div>\n<div class=\"MsoNormal\" style=\"margin-bottom: .0001pt; margin-bottom: 0cm; mso-line-height-alt: 13.25pt; mso-margin-top-alt: auto; text-align: justify;\">\n<\/div>\n<div class=\"MsoNormal\" style=\"margin-bottom: .0001pt; margin-bottom: 0cm; mso-line-height-alt: 13.25pt; mso-margin-top-alt: auto; text-align: justify;\">\nPara baixar os juros do cart\u00e3o de<br \/>\ncr\u00e9dito, o Governo Federal determinou aos bancos que, a partir do dia 3 de<br \/>\nabril, limitem o uso do rotativo por 30 dias. \u201cA vantagem \u00e9 que essa medida<br \/>\npode reduzir muito os \u00edndices de endividamento do cart\u00e3o. O consumidor que<br \/>\npagou o m\u00ednimo na fatura ter\u00e1 essa linha de cr\u00e9dito mais barato do que os juros<br \/>\ndo cart\u00e3o\u201d, explicou o diretor do PROCON, Nyverson Moura.<\/div>\n<div class=\"MsoNormal\" style=\"margin-bottom: .0001pt; margin-bottom: 0cm; mso-line-height-alt: 13.25pt; mso-margin-top-alt: auto; text-align: justify;\">\n<\/div>\n<div class=\"MsoNormal\" style=\"margin-bottom: .0001pt; margin-bottom: 0cm; mso-line-height-alt: 13.25pt; mso-margin-top-alt: auto; text-align: justify;\">\nPelas novas regras, os clientes poder\u00e3o<br \/>\nficar no rotativo, que tem as maiores taxas do mercado, somente at\u00e9 a data da<br \/>\nliquida\u00e7\u00e3o da pr\u00f3xima fatura. Se a d\u00edvida n\u00e3o for paga, ela ter\u00e1 de ser<br \/>\ntransferida para outra modalidade de cr\u00e9dito, como o parcelado no cart\u00e3o, que<br \/>\npossui custo menor.&nbsp;\u201cComo essa mudan\u00e7a \u00e9 nova e os bancos ainda est\u00e3o se<br \/>\nadequando, o consumidor deve prestar aten\u00e7\u00e3o \u00e0s cl\u00e1usulas, aos valores e ao<br \/>\ncontrato em geral\u201d, completou Moura.<\/div>\n<div class=\"MsoNormal\" style=\"line-height: 13.25pt; margin-bottom: .0001pt; margin-bottom: 0cm; mso-margin-top-alt: auto; text-align: justify;\">\n<\/div>\n<div class=\"MsoNormal\" style=\"margin-bottom: .0001pt; margin-bottom: 0cm; mso-line-height-alt: 13.25pt; mso-margin-top-alt: auto; text-align: justify;\">\n<br \/>\nAtualmente, alguns bancos j\u00e1 oferecem aos clientes a possibilidade de migrar a<br \/>\nd\u00edvida do rotativo para outras linhas com juros menores, mas isso n\u00e3o \u00e9 feito<br \/>\nde maneira autom\u00e1tica e depende de solicita\u00e7\u00e3o do cliente.<\/div>\n<div class=\"MsoNormal\" style=\"margin-bottom: .0001pt; margin-bottom: 0cm; mso-line-height-alt: 13.25pt; mso-margin-top-alt: auto; text-align: justify;\">\n<\/div>\n<div class=\"separator\" style=\"clear: both; text-align: center;\">\n<a href=\"http:\/\/blogdoedvaldomagalhaes.com.br\/wp-content\/uploads\/2017\/04\/7-SINTRACON-1.jpg\" imageanchor=\"1\" style=\"clear: left; float: left; margin-bottom: 1em; margin-right: 1em;\"><img decoding=\"async\" border=\"0\" src=\"http:\/\/blogdoedvaldomagalhaes.com.br\/wp-content\/uploads\/2017\/04\/7-SINTRACON-1.jpg\" \/><\/a><\/div>\n<div class=\"MsoNormal\" style=\"margin-bottom: .0001pt; margin-bottom: 0cm; mso-line-height-alt: 13.25pt; mso-margin-top-alt: auto; text-align: justify;\">\n<\/div>\n","protected":false},"excerpt":{"rendered":"<p>Para baixar os juros do cart\u00e3o de cr\u00e9dito, o Governo Federal determinou aos bancos que, a partir do dia 3&hellip;<\/p>\n","protected":false},"author":1,"featured_media":0,"comment_status":"open","ping_status":"open","sticky":false,"template":"","format":"standard","meta":{"footnotes":""},"categories":[1],"tags":[2,6,8551,8552],"class_list":["post-6347","post","type-post","status-publish","format-standard","hentry","category-sem-categoria","tag-blog-do-edvaldo-magalhaes","tag-noticias","tag-nyverson-ferreira-moura","tag-procon-alerta-para-mudancas-no-cartao-de-credito"],"_links":{"self":[{"href":"https:\/\/blogdoedvaldomagalhaes.com.br\/index.php\/wp-json\/wp\/v2\/posts\/6347","targetHints":{"allow":["GET"]}}],"collection":[{"href":"https:\/\/blogdoedvaldomagalhaes.com.br\/index.php\/wp-json\/wp\/v2\/posts"}],"about":[{"href":"https:\/\/blogdoedvaldomagalhaes.com.br\/index.php\/wp-json\/wp\/v2\/types\/post"}],"author":[{"embeddable":true,"href":"https:\/\/blogdoedvaldomagalhaes.com.br\/index.php\/wp-json\/wp\/v2\/users\/1"}],"replies":[{"embeddable":true,"href":"https:\/\/blogdoedvaldomagalhaes.com.br\/index.php\/wp-json\/wp\/v2\/comments?post=6347"}],"version-history":[{"count":1,"href":"https:\/\/blogdoedvaldomagalhaes.com.br\/index.php\/wp-json\/wp\/v2\/posts\/6347\/revisions"}],"predecessor-version":[{"id":18393,"href":"https:\/\/blogdoedvaldomagalhaes.com.br\/index.php\/wp-json\/wp\/v2\/posts\/6347\/revisions\/18393"}],"wp:attachment":[{"href":"https:\/\/blogdoedvaldomagalhaes.com.br\/index.php\/wp-json\/wp\/v2\/media?parent=6347"}],"wp:term":[{"taxonomy":"category","embeddable":true,"href":"https:\/\/blogdoedvaldomagalhaes.com.br\/index.php\/wp-json\/wp\/v2\/categories?post=6347"},{"taxonomy":"post_tag","embeddable":true,"href":"https:\/\/blogdoedvaldomagalhaes.com.br\/index.php\/wp-json\/wp\/v2\/tags?post=6347"}],"curies":[{"name":"wp","href":"https:\/\/api.w.org\/{rel}","templated":true}]}}