{"id":6346,"date":"2017-04-03T14:09:00","date_gmt":"2017-04-03T17:09:00","guid":{"rendered":"http:\/\/blogdoedvaldomagalhaes.com.br\/index.php\/2017\/04\/03\/urgente-cessionarios-do-dom-bosco-deve\/"},"modified":"2019-02-09T01:22:16","modified_gmt":"2019-02-09T03:22:16","slug":"urgente-cessionarios-do-dom-bosco-deve","status":"publish","type":"post","link":"https:\/\/blogdoedvaldomagalhaes.com.br\/index.php\/2017\/04\/03\/urgente-cessionarios-do-dom-bosco-deve\/","title":{"rendered":"Urgente: cession\u00e1rios do Dom Bosco devem realizar recadastramento"},"content":{"rendered":"<div class=\"separator\" style=\"clear: both; text-align: center;\">\n<a href=\"https:\/\/4.bp.blogspot.com\/-4MP487L4SjQ\/WOJXWpNI8AI\/AAAAAAAAS1A\/chzKXDRgAQ89nQmE6QLv0_IVEO_qxFI4wCLcB\/s1600\/dom.jpg\" imageanchor=\"1\" style=\"margin-left: 1em; margin-right: 1em;\"><img loading=\"lazy\" decoding=\"async\" border=\"0\" height=\"216\" src=\"http:\/\/blogdoedvaldomagalhaes.com.br\/wp-content\/uploads\/2017\/04\/dom.jpg\" width=\"400\" \/><\/a><\/div>\n<div align=\"center\" class=\"MsoNormal\" style=\"text-align: center;\">\n<\/div>\n<div class=\"MsoNormal\" style=\"line-height: normal; mso-margin-bottom-alt: auto; mso-margin-top-alt: auto; text-align: justify;\">\nA Secretaria de Servi\u00e7os P\u00fablicos, atrav\u00e9s da<br \/>\nGer\u00eancia de Necr\u00f3pole, solicita aos cession\u00e1rios de t\u00famulos do cemit\u00e9rio Dom<br \/>\nBosco, que compare\u00e7am ao escrit\u00f3rio do pr\u00f3prio cemit\u00e9rio para realizarem o<br \/>\nrecadastramento.&nbsp; A atualiza\u00e7\u00e3o das informa\u00e7\u00f5es \u00e9 uma exig\u00eancia do<br \/>\nMinist\u00e9rio P\u00fablico e \u00e9 obrigat\u00f3ria. O atendimento est\u00e1 sendo realizado de<br \/>\nsegunda a sexta-feira, das 7h30 \u00e0s 16h30.<\/div>\n<div class=\"MsoNormal\" style=\"line-height: normal; mso-margin-bottom-alt: auto; mso-margin-top-alt: auto; text-align: justify;\">\n<\/div>\n<div class=\"MsoNormal\" style=\"line-height: normal; mso-margin-bottom-alt: auto; mso-margin-top-alt: auto; text-align: justify;\">\nOs documentos exigidos para o recadastramento s\u00e3o<br \/>\nc\u00f3pias do documento do t\u00famulo (caso possuam), RG, CPF e comprovante de<br \/>\nresid\u00eancia do titular e de seus respons\u00e1veis. Se o titular for falecido, o<br \/>\nrespons\u00e1vel deve levar tamb\u00e9m a xerox da certid\u00e3o de \u00f3bito.<\/div>\n<div class=\"MsoNormal\" style=\"line-height: normal; mso-margin-bottom-alt: auto; mso-margin-top-alt: auto; text-align: justify;\">\n<\/div>\n<div class=\"MsoNormal\" style=\"text-align: justify;\">\n<\/div>\n<div class=\"MsoNormal\" style=\"line-height: normal; mso-margin-bottom-alt: auto; mso-margin-top-alt: auto; text-align: justify;\">\nO Cemit\u00e9rio Dom Bosco fica na avenida Dom Bosco,<br \/>\nS\/N, Bairro Maur\u00edcio de Nassau. Outras informa\u00e7\u00f5es podem ser obtidas pelo<br \/>\ntelefone: 3701-1383.<\/div>\n<div class=\"separator\" style=\"clear: both; text-align: center;\">\n<a href=\"http:\/\/blogdoedvaldomagalhaes.com.br\/wp-content\/uploads\/2017\/04\/9-Liberdade-2.jpg\" imageanchor=\"1\" style=\"clear: left; float: left; margin-bottom: 1em; margin-right: 1em;\"><img decoding=\"async\" border=\"0\" src=\"http:\/\/blogdoedvaldomagalhaes.com.br\/wp-content\/uploads\/2017\/04\/9-Liberdade-2.jpg\" \/><\/a><\/div>\n<div class=\"MsoNormal\" style=\"line-height: normal; mso-margin-bottom-alt: auto; mso-margin-top-alt: auto; text-align: justify;\">\n<\/div>\n","protected":false},"excerpt":{"rendered":"<p>A Secretaria de Servi\u00e7os P\u00fablicos, atrav\u00e9s da Ger\u00eancia de Necr\u00f3pole, solicita aos cession\u00e1rios de t\u00famulos do cemit\u00e9rio Dom Bosco, que&hellip;<\/p>\n","protected":false},"author":1,"featured_media":0,"comment_status":"open","ping_status":"open","sticky":false,"template":"","format":"standard","meta":{"footnotes":""},"categories":[1],"tags":[1413,2,6,8550],"class_list":["post-6346","post","type-post","status-publish","format-standard","hentry","category-sem-categoria","tag-bairro-mauricio-de-nassau","tag-blog-do-edvaldo-magalhaes","tag-noticias","tag-urgente-cessionarios-do-dom-bosco-devem-realizar-recadastramento"],"_links":{"self":[{"href":"https:\/\/blogdoedvaldomagalhaes.com.br\/index.php\/wp-json\/wp\/v2\/posts\/6346","targetHints":{"allow":["GET"]}}],"collection":[{"href":"https:\/\/blogdoedvaldomagalhaes.com.br\/index.php\/wp-json\/wp\/v2\/posts"}],"about":[{"href":"https:\/\/blogdoedvaldomagalhaes.com.br\/index.php\/wp-json\/wp\/v2\/types\/post"}],"author":[{"embeddable":true,"href":"https:\/\/blogdoedvaldomagalhaes.com.br\/index.php\/wp-json\/wp\/v2\/users\/1"}],"replies":[{"embeddable":true,"href":"https:\/\/blogdoedvaldomagalhaes.com.br\/index.php\/wp-json\/wp\/v2\/comments?post=6346"}],"version-history":[{"count":1,"href":"https:\/\/blogdoedvaldomagalhaes.com.br\/index.php\/wp-json\/wp\/v2\/posts\/6346\/revisions"}],"predecessor-version":[{"id":18396,"href":"https:\/\/blogdoedvaldomagalhaes.com.br\/index.php\/wp-json\/wp\/v2\/posts\/6346\/revisions\/18396"}],"wp:attachment":[{"href":"https:\/\/blogdoedvaldomagalhaes.com.br\/index.php\/wp-json\/wp\/v2\/media?parent=6346"}],"wp:term":[{"taxonomy":"category","embeddable":true,"href":"https:\/\/blogdoedvaldomagalhaes.com.br\/index.php\/wp-json\/wp\/v2\/categories?post=6346"},{"taxonomy":"post_tag","embeddable":true,"href":"https:\/\/blogdoedvaldomagalhaes.com.br\/index.php\/wp-json\/wp\/v2\/tags?post=6346"}],"curies":[{"name":"wp","href":"https:\/\/api.w.org\/{rel}","templated":true}]}}