{"id":6343,"date":"2017-04-03T23:35:00","date_gmt":"2017-04-04T02:35:00","guid":{"rendered":"http:\/\/blogdoedvaldomagalhaes.com.br\/index.php\/2017\/04\/03\/regras-para-o-uber-devem-ser-votadas-na\/"},"modified":"2019-02-09T01:22:17","modified_gmt":"2019-02-09T03:22:17","slug":"regras-para-o-uber-devem-ser-votadas-na","status":"publish","type":"post","link":"https:\/\/blogdoedvaldomagalhaes.com.br\/index.php\/2017\/04\/03\/regras-para-o-uber-devem-ser-votadas-na\/","title":{"rendered":"Regras para o Uber devem ser votadas na C\u00e2mara nesta ter\u00e7a (04)"},"content":{"rendered":"<div class=\"separator\" style=\"clear: both; text-align: center;\">\n<a href=\"https:\/\/3.bp.blogspot.com\/-3qmX2oJcM8s\/WOLb3OwIYlI\/AAAAAAAAS18\/KSo7eVLckYsKN34izGQr33CIr_qUlxqpQCLcB\/s1600\/uber.jpg\" imageanchor=\"1\" style=\"margin-left: 1em; margin-right: 1em;\"><img loading=\"lazy\" decoding=\"async\" border=\"0\" height=\"266\" src=\"http:\/\/blogdoedvaldomagalhaes.com.br\/wp-content\/uploads\/2017\/04\/uber.jpg\" width=\"400\" \/><\/a><\/div>\n<div style=\"background-color: white; border: 0px; margin-bottom: 1.5em; outline: 0px; padding: 0px; text-align: justify; vertical-align: baseline;\">\n<\/div>\n<div style=\"background-color: white; border: 0px; margin-bottom: 1.5em; outline: 0px; padding: 0px; text-align: justify; vertical-align: baseline;\">\nA vota\u00e7\u00e3o do Projeto de Lei (5587\/16) que trata das regras para o funcionamento do transporte individual de passageiros por carros particulares, como o servi\u00e7o oferecido pelo aplicativo Uber, na C\u00e2mara dos Deputados, deve ocorrer nesta ter\u00e7a-feira (04).&nbsp;<\/div>\n<div style=\"background-color: white; border: 0px; margin-bottom: 1.5em; outline: 0px; padding: 0px; text-align: justify; vertical-align: baseline;\">\nO servi\u00e7o deve ser regulamentado pelos Munic\u00edpios e deve haver tamb\u00e9m um n\u00famero limite de carros. O&nbsp;fim da pr\u00e1tica de tarifa din\u00e2mica.&nbsp;Para pressionar os deputados, taxistas de todo o pa\u00eds j\u00e1 est\u00e3o se mobilizando para uma manifesta\u00e7\u00e3o em Bras\u00edlia, nesta ter\u00e7a.<\/p>\n<div class=\"separator\" style=\"clear: both; text-align: center;\">\n<a href=\"http:\/\/blogdoedvaldomagalhaes.com.br\/wp-content\/uploads\/2017\/04\/2-SISMUC-3.jpg\" imageanchor=\"1\" style=\"clear: left; float: left; margin-bottom: 1em; margin-right: 1em;\"><img decoding=\"async\" border=\"0\" src=\"http:\/\/blogdoedvaldomagalhaes.com.br\/wp-content\/uploads\/2017\/04\/2-SISMUC-3.jpg\" \/><\/a><\/div>\n<p><\/div>\n","protected":false},"excerpt":{"rendered":"<p>A vota\u00e7\u00e3o do Projeto de Lei (5587\/16) que trata das regras para o funcionamento do transporte individual de passageiros por&hellip;<\/p>\n","protected":false},"author":1,"featured_media":0,"comment_status":"open","ping_status":"open","sticky":false,"template":"","format":"standard","meta":{"footnotes":""},"categories":[1],"tags":[2,8546,6,8547],"class_list":["post-6343","post","type-post","status-publish","format-standard","hentry","category-sem-categoria","tag-blog-do-edvaldo-magalhaes","tag-camara-dos-deputados","tag-noticias","tag-regras-para-o-uber-devem-ser-votadas-na-camara-nesta-terca-04"],"_links":{"self":[{"href":"https:\/\/blogdoedvaldomagalhaes.com.br\/index.php\/wp-json\/wp\/v2\/posts\/6343","targetHints":{"allow":["GET"]}}],"collection":[{"href":"https:\/\/blogdoedvaldomagalhaes.com.br\/index.php\/wp-json\/wp\/v2\/posts"}],"about":[{"href":"https:\/\/blogdoedvaldomagalhaes.com.br\/index.php\/wp-json\/wp\/v2\/types\/post"}],"author":[{"embeddable":true,"href":"https:\/\/blogdoedvaldomagalhaes.com.br\/index.php\/wp-json\/wp\/v2\/users\/1"}],"replies":[{"embeddable":true,"href":"https:\/\/blogdoedvaldomagalhaes.com.br\/index.php\/wp-json\/wp\/v2\/comments?post=6343"}],"version-history":[{"count":1,"href":"https:\/\/blogdoedvaldomagalhaes.com.br\/index.php\/wp-json\/wp\/v2\/posts\/6343\/revisions"}],"predecessor-version":[{"id":18405,"href":"https:\/\/blogdoedvaldomagalhaes.com.br\/index.php\/wp-json\/wp\/v2\/posts\/6343\/revisions\/18405"}],"wp:attachment":[{"href":"https:\/\/blogdoedvaldomagalhaes.com.br\/index.php\/wp-json\/wp\/v2\/media?parent=6343"}],"wp:term":[{"taxonomy":"category","embeddable":true,"href":"https:\/\/blogdoedvaldomagalhaes.com.br\/index.php\/wp-json\/wp\/v2\/categories?post=6343"},{"taxonomy":"post_tag","embeddable":true,"href":"https:\/\/blogdoedvaldomagalhaes.com.br\/index.php\/wp-json\/wp\/v2\/tags?post=6343"}],"curies":[{"name":"wp","href":"https:\/\/api.w.org\/{rel}","templated":true}]}}