{"id":6342,"date":"2017-04-03T23:40:00","date_gmt":"2017-04-04T02:40:00","guid":{"rendered":"http:\/\/blogdoedvaldomagalhaes.com.br\/index.php\/2017\/04\/03\/acic-comemora-97-anos-e-homenageia\/"},"modified":"2019-02-09T01:22:17","modified_gmt":"2019-02-09T03:22:17","slug":"acic-comemora-97-anos-e-homenageia","status":"publish","type":"post","link":"https:\/\/blogdoedvaldomagalhaes.com.br\/index.php\/2017\/04\/03\/acic-comemora-97-anos-e-homenageia\/","title":{"rendered":"Acic comemora 97 anos e homenageia s\u00f3cios benem\u00e9ritos"},"content":{"rendered":"<div class=\"separator\" style=\"clear: both; text-align: center;\">\n<a href=\"https:\/\/2.bp.blogspot.com\/-_hebfG9aVlQ\/WOLc_gOhJlI\/AAAAAAAAS2E\/X5Rkf2c6WxwrLNf_yyZq38tkazxeoFxSgCLcB\/s1600\/acic.jpg\" imageanchor=\"1\" style=\"margin-left: 1em; margin-right: 1em;\"><img loading=\"lazy\" decoding=\"async\" border=\"0\" height=\"176\" src=\"http:\/\/blogdoedvaldomagalhaes.com.br\/wp-content\/uploads\/2017\/04\/acic.jpg\" width=\"400\" \/><\/a><\/div>\n<div style=\"background-color: white; box-sizing: border-box; line-height: 24px; margin-bottom: 10px; text-align: justify;\">\n<\/div>\n<div style=\"background-color: white; box-sizing: border-box; line-height: 24px; margin-bottom: 10px; text-align: justify;\">\nA Associa\u00e7\u00e3o Comercial e Empresarial de Caruaru (ACIC) comemora, nesta ter\u00e7a-feira (04), 97 anos de atua\u00e7\u00e3o em prol do desenvolvimento do munic\u00edpio. Durante quase um s\u00e9culo, fazendo hist\u00f3ria no associativismo, a entidade \u00e9 hoje a maior associa\u00e7\u00e3o do Norte e Nordeste do Pa\u00eds com a marca de mais de 2 mil s\u00f3cios.<\/div>\n<div style=\"background-color: white; box-sizing: border-box; line-height: 24px; margin-bottom: 10px; text-align: justify;\">\nPara comemorar a data, a Acic inaugura na quinta-feira (06), \u00e0s 19h, mais uma galeria em sua sede. Trata-se de uma homenagem aos s\u00f3cios benem\u00e9ritos Bernardo Barbosa, Douglas Cintra, Evandro Ten\u00f3rio e Severino Montenegro. Os empres\u00e1rios se destacam na sociedade caruaruense pela credibilidade e compet\u00eancia em suas a\u00e7\u00f5es.<\/div>\n<div style=\"background-color: white; box-sizing: border-box; line-height: 24px; margin-bottom: 10px; text-align: justify;\">\nNos 97 anos, a Acic sempre desempenhou um papel fundamental para o crescimento e desenvolvimento de Caruaru, atrav\u00e9s das a\u00e7\u00f5es realizadas por sua diretoria, suas 20 c\u00e2maras setoriais e seus dois n\u00facleos especiais, a Acic Jovem e a Acic Mulher.<\/div>\n<div style=\"background-color: white; box-sizing: border-box; line-height: 24px; margin-bottom: 10px; text-align: justify;\">\n<\/div>\n<div class=\"separator\" style=\"clear: both; text-align: center;\">\n<a href=\"http:\/\/blogdoedvaldomagalhaes.com.br\/wp-content\/uploads\/2017\/04\/3-Coletivo-3.jpg\" imageanchor=\"1\" style=\"clear: left; float: left; margin-bottom: 1em; margin-right: 1em;\"><img decoding=\"async\" border=\"0\" src=\"http:\/\/blogdoedvaldomagalhaes.com.br\/wp-content\/uploads\/2017\/04\/3-Coletivo-3.jpg\" \/><\/a><\/div>\n<div style=\"background-color: white; box-sizing: border-box; line-height: 24px; margin-bottom: 10px; text-align: justify;\">\n<\/div>\n","protected":false},"excerpt":{"rendered":"<p>A Associa\u00e7\u00e3o Comercial e Empresarial de Caruaru (ACIC) comemora, nesta ter\u00e7a-feira (04), 97 anos de atua\u00e7\u00e3o em prol do desenvolvimento&hellip;<\/p>\n","protected":false},"author":1,"featured_media":0,"comment_status":"open","ping_status":"open","sticky":false,"template":"","format":"standard","meta":{"footnotes":""},"categories":[1],"tags":[8540,8541,8542,2,8543,8544,6,8545],"class_list":["post-6342","post","type-post","status-publish","format-standard","hentry","category-sem-categoria","tag-acic-comemora-97-anos-e-homenageia-socios-benemeritos","tag-acic-mulher","tag-bernardo-barbosa","tag-blog-do-edvaldo-magalhaes","tag-douglas-cintra","tag-evandro-tenorio","tag-noticias","tag-severino-montenegro"],"_links":{"self":[{"href":"https:\/\/blogdoedvaldomagalhaes.com.br\/index.php\/wp-json\/wp\/v2\/posts\/6342","targetHints":{"allow":["GET"]}}],"collection":[{"href":"https:\/\/blogdoedvaldomagalhaes.com.br\/index.php\/wp-json\/wp\/v2\/posts"}],"about":[{"href":"https:\/\/blogdoedvaldomagalhaes.com.br\/index.php\/wp-json\/wp\/v2\/types\/post"}],"author":[{"embeddable":true,"href":"https:\/\/blogdoedvaldomagalhaes.com.br\/index.php\/wp-json\/wp\/v2\/users\/1"}],"replies":[{"embeddable":true,"href":"https:\/\/blogdoedvaldomagalhaes.com.br\/index.php\/wp-json\/wp\/v2\/comments?post=6342"}],"version-history":[{"count":1,"href":"https:\/\/blogdoedvaldomagalhaes.com.br\/index.php\/wp-json\/wp\/v2\/posts\/6342\/revisions"}],"predecessor-version":[{"id":18408,"href":"https:\/\/blogdoedvaldomagalhaes.com.br\/index.php\/wp-json\/wp\/v2\/posts\/6342\/revisions\/18408"}],"wp:attachment":[{"href":"https:\/\/blogdoedvaldomagalhaes.com.br\/index.php\/wp-json\/wp\/v2\/media?parent=6342"}],"wp:term":[{"taxonomy":"category","embeddable":true,"href":"https:\/\/blogdoedvaldomagalhaes.com.br\/index.php\/wp-json\/wp\/v2\/categories?post=6342"},{"taxonomy":"post_tag","embeddable":true,"href":"https:\/\/blogdoedvaldomagalhaes.com.br\/index.php\/wp-json\/wp\/v2\/tags?post=6342"}],"curies":[{"name":"wp","href":"https:\/\/api.w.org\/{rel}","templated":true}]}}