{"id":63395,"date":"2020-11-06T20:14:07","date_gmt":"2020-11-06T23:14:07","guid":{"rendered":"https:\/\/blogdoedvaldomagalhaes.com.br\/?p=63395"},"modified":"2020-11-06T20:14:08","modified_gmt":"2020-11-06T23:14:08","slug":"secretaria-de-saude-de-caruaru-registra-63-novos-casos-de-covid-19-e-uma-morte","status":"publish","type":"post","link":"https:\/\/blogdoedvaldomagalhaes.com.br\/index.php\/2020\/11\/06\/secretaria-de-saude-de-caruaru-registra-63-novos-casos-de-covid-19-e-uma-morte\/","title":{"rendered":"Secretaria de Sa\u00fade de Caruaru registra 63 novos casos de covid-19 e uma morte"},"content":{"rendered":"<p style=\"text-align: justify;\">No boletim 24 horas divulgado na noite desta sexta-feira (06), a Secretaria de Sa\u00fade de Caruaru, confirmou\u00a063 novos casos de covid-19 e uma morte. O \u00f3bito foi de uma mulher, de 43 anos, ocorrido no dia 27 de outubro.<\/p>\n<p style=\"text-align: justify;\">Com os dados atualizados, Caruaru soma agora 10.086 casos confirmados do novo coronav\u00edrus e 359 mortes. Houve redu\u00e7\u00e3o no n\u00famero de casos investigados. Caiu de 363 para 252 em 24 horas. Tr\u00eas \u00f3bitos continuam em investiga\u00e7\u00e3o.<\/p>\n<p style=\"text-align: justify;\">O boletim tamb\u00e9m confirmou 41 pacientes recuperados da doen\u00e7a. Agora, o n\u00famero de pessoas recuperadas passou para 9.550.<\/p>\n\n\n<figure class=\"wp-block-image size-large\"><img loading=\"lazy\" decoding=\"async\" width=\"1024\" height=\"1024\" src=\"https:\/\/blogdoedvaldomagalhaes.com.br\/wp-content\/uploads\/2020\/11\/IMG-20201106-WA0192-1024x1024.jpg\" alt=\"\" class=\"wp-image-63397\" srcset=\"https:\/\/blogdoedvaldomagalhaes.com.br\/wp-content\/uploads\/2020\/11\/IMG-20201106-WA0192-1024x1024.jpg 1024w, https:\/\/blogdoedvaldomagalhaes.com.br\/wp-content\/uploads\/2020\/11\/IMG-20201106-WA0192-300x300.jpg 300w, https:\/\/blogdoedvaldomagalhaes.com.br\/wp-content\/uploads\/2020\/11\/IMG-20201106-WA0192-150x150.jpg 150w, https:\/\/blogdoedvaldomagalhaes.com.br\/wp-content\/uploads\/2020\/11\/IMG-20201106-WA0192-768x768.jpg 768w, https:\/\/blogdoedvaldomagalhaes.com.br\/wp-content\/uploads\/2020\/11\/IMG-20201106-WA0192.jpg 1280w\" sizes=\"auto, (max-width: 1024px) 100vw, 1024px\" \/><\/figure>\n","protected":false},"excerpt":{"rendered":"<p>No boletim 24 horas divulgado na noite desta sexta-feira (06), a Secretaria de Sa\u00fade de Caruaru, confirmou\u00a063 novos casos de&hellip;<\/p>\n","protected":false},"author":1,"featured_media":63396,"comment_status":"open","ping_status":"open","sticky":false,"template":"","format":"standard","meta":{"footnotes":""},"categories":[14120],"tags":[2,19532,1950,19670,20069],"class_list":["post-63395","post","type-post","status-publish","format-standard","has-post-thumbnail","hentry","category-noticias","tag-blog-do-edvaldo-magalhaes","tag-blog-mais-acessado-e-visualizado-de-caruaru-e-regiao","tag-noticias-de-caruaru","tag-novo-coronavirus","tag-secretaria-de-saude-de-caruaru-registra-63-novos-casos-de-covid-19-e-uma-morte"],"_links":{"self":[{"href":"https:\/\/blogdoedvaldomagalhaes.com.br\/index.php\/wp-json\/wp\/v2\/posts\/63395","targetHints":{"allow":["GET"]}}],"collection":[{"href":"https:\/\/blogdoedvaldomagalhaes.com.br\/index.php\/wp-json\/wp\/v2\/posts"}],"about":[{"href":"https:\/\/blogdoedvaldomagalhaes.com.br\/index.php\/wp-json\/wp\/v2\/types\/post"}],"author":[{"embeddable":true,"href":"https:\/\/blogdoedvaldomagalhaes.com.br\/index.php\/wp-json\/wp\/v2\/users\/1"}],"replies":[{"embeddable":true,"href":"https:\/\/blogdoedvaldomagalhaes.com.br\/index.php\/wp-json\/wp\/v2\/comments?post=63395"}],"version-history":[{"count":1,"href":"https:\/\/blogdoedvaldomagalhaes.com.br\/index.php\/wp-json\/wp\/v2\/posts\/63395\/revisions"}],"predecessor-version":[{"id":63398,"href":"https:\/\/blogdoedvaldomagalhaes.com.br\/index.php\/wp-json\/wp\/v2\/posts\/63395\/revisions\/63398"}],"wp:featuredmedia":[{"embeddable":true,"href":"https:\/\/blogdoedvaldomagalhaes.com.br\/index.php\/wp-json\/wp\/v2\/media\/63396"}],"wp:attachment":[{"href":"https:\/\/blogdoedvaldomagalhaes.com.br\/index.php\/wp-json\/wp\/v2\/media?parent=63395"}],"wp:term":[{"taxonomy":"category","embeddable":true,"href":"https:\/\/blogdoedvaldomagalhaes.com.br\/index.php\/wp-json\/wp\/v2\/categories?post=63395"},{"taxonomy":"post_tag","embeddable":true,"href":"https:\/\/blogdoedvaldomagalhaes.com.br\/index.php\/wp-json\/wp\/v2\/tags?post=63395"}],"curies":[{"name":"wp","href":"https:\/\/api.w.org\/{rel}","templated":true}]}}