{"id":63392,"date":"2020-11-06T19:11:01","date_gmt":"2020-11-06T22:11:01","guid":{"rendered":"https:\/\/blogdoedvaldomagalhaes.com.br\/?p=63392"},"modified":"2020-11-06T19:11:02","modified_gmt":"2020-11-06T22:11:02","slug":"morre-no-hra-jovem-que-foi-espancado-em-caruaru","status":"publish","type":"post","link":"https:\/\/blogdoedvaldomagalhaes.com.br\/index.php\/2020\/11\/06\/morre-no-hra-jovem-que-foi-espancado-em-caruaru\/","title":{"rendered":"Morre no HRA jovem que foi espancado em Caruaru"},"content":{"rendered":"<p style=\"text-align: justify;\">Morreu no Hospital Regional do Agreste (HRA), em Caruaru, Jos\u00e9\u00a0Leandro Ferreira, 19 anos. Ele estava desaparecido desde o dia 30 de outubro no bairro Divin\u00f3polis.<\/p>\n<p style=\"text-align: justify;\">O jovem foi espancado por um desconhecido e estava hospitalizado. A fam\u00edlia n\u00e3o tinha conhecimento. O crime est\u00e1 sendo investigado pela 20\u00aa Delegacia de Homic\u00eddios de Caruaru.<\/p>\n<p style=\"text-align: justify;\">Com esta morte, o n\u00famero de homic\u00eddios em Caruaru chega a 118 neste ano de 2020, sendo 2 no m\u00eas de novembro.<\/p>\n<p>Por Helenivaldo Pereira.<\/p>\n","protected":false},"excerpt":{"rendered":"<p>Morreu no Hospital Regional do Agreste (HRA), em Caruaru, Jos\u00e9\u00a0Leandro Ferreira, 19 anos. Ele estava desaparecido desde o dia 30&hellip;<\/p>\n","protected":false},"author":1,"featured_media":63393,"comment_status":"open","ping_status":"open","sticky":false,"template":"","format":"standard","meta":{"footnotes":""},"categories":[14122],"tags":[2,19532,312,20068,1950],"class_list":["post-63392","post","type-post","status-publish","format-standard","has-post-thumbnail","hentry","category-politica","tag-blog-do-edvaldo-magalhaes","tag-blog-mais-acessado-e-visualizado-de-caruaru-e-regiao","tag-hospital-regional-do-agreste","tag-morre-no-hra-jovem-que-foi-espancado-em-caruaru","tag-noticias-de-caruaru"],"_links":{"self":[{"href":"https:\/\/blogdoedvaldomagalhaes.com.br\/index.php\/wp-json\/wp\/v2\/posts\/63392","targetHints":{"allow":["GET"]}}],"collection":[{"href":"https:\/\/blogdoedvaldomagalhaes.com.br\/index.php\/wp-json\/wp\/v2\/posts"}],"about":[{"href":"https:\/\/blogdoedvaldomagalhaes.com.br\/index.php\/wp-json\/wp\/v2\/types\/post"}],"author":[{"embeddable":true,"href":"https:\/\/blogdoedvaldomagalhaes.com.br\/index.php\/wp-json\/wp\/v2\/users\/1"}],"replies":[{"embeddable":true,"href":"https:\/\/blogdoedvaldomagalhaes.com.br\/index.php\/wp-json\/wp\/v2\/comments?post=63392"}],"version-history":[{"count":1,"href":"https:\/\/blogdoedvaldomagalhaes.com.br\/index.php\/wp-json\/wp\/v2\/posts\/63392\/revisions"}],"predecessor-version":[{"id":63394,"href":"https:\/\/blogdoedvaldomagalhaes.com.br\/index.php\/wp-json\/wp\/v2\/posts\/63392\/revisions\/63394"}],"wp:featuredmedia":[{"embeddable":true,"href":"https:\/\/blogdoedvaldomagalhaes.com.br\/index.php\/wp-json\/wp\/v2\/media\/63393"}],"wp:attachment":[{"href":"https:\/\/blogdoedvaldomagalhaes.com.br\/index.php\/wp-json\/wp\/v2\/media?parent=63392"}],"wp:term":[{"taxonomy":"category","embeddable":true,"href":"https:\/\/blogdoedvaldomagalhaes.com.br\/index.php\/wp-json\/wp\/v2\/categories?post=63392"},{"taxonomy":"post_tag","embeddable":true,"href":"https:\/\/blogdoedvaldomagalhaes.com.br\/index.php\/wp-json\/wp\/v2\/tags?post=63392"}],"curies":[{"name":"wp","href":"https:\/\/api.w.org\/{rel}","templated":true}]}}