{"id":63386,"date":"2020-11-06T18:56:14","date_gmt":"2020-11-06T21:56:14","guid":{"rendered":"https:\/\/blogdoedvaldomagalhaes.com.br\/?p=63386"},"modified":"2020-11-06T19:06:41","modified_gmt":"2020-11-06T22:06:41","slug":"candidatos-apresentam-propostas-em-debate-da-radio-liberdade-e-criticam-ausencia-da-prefeita-de-caruaru","status":"publish","type":"post","link":"https:\/\/blogdoedvaldomagalhaes.com.br\/index.php\/2020\/11\/06\/candidatos-apresentam-propostas-em-debate-da-radio-liberdade-e-criticam-ausencia-da-prefeita-de-caruaru\/","title":{"rendered":"Candidatos apresentam propostas em debate da R\u00e1dio Liberdade e criticam aus\u00eancia da prefeita de Caruaru"},"content":{"rendered":"<p style=\"text-align: justify;\">O debate realizado pela R\u00e1dio Liberdade de Caruaru, Agreste de Pernambuco, na manh\u00e3 desta sexta-feira (06), no Centro de Conven\u00e7\u00f5es do SENAC,&nbsp;contou com a participa\u00e7\u00e3o dos candidatos Raffi\u00ea Dellon (PSD), Marcelo Rodrigues (PT), Delegado Lessa (Progressistas) e Marcelo Gomes (PSB). Um dia antes do evento, a assessoria da prefeita Raquel Lyra (PSDB), candidata \u00e0 reelei\u00e7\u00e3o, informou que ela n\u00e3o iria participar.<\/p>\n<p style=\"text-align: justify;\">Durante o debate, al\u00e9m de propostas de governo, foram conversados temas importantes para o munic\u00edpio, como educa\u00e7\u00e3o, sa\u00fade, seguran\u00e7a e economia, trazendo tamb\u00e9m as expectativas para as elei\u00e7\u00f5es no dia 15 de novembro. A aus\u00eancia de Raquel Lyra (PSDB) foi criticada pelos candidatos ao fazerem avalia\u00e7\u00e3o do debate.<\/p>\n<p style=\"text-align: justify;\">O evento foi mediado por S\u00f3crates da Silva e contou com 5 blocos em confronto direto dos participantes. Os temas foram sorteados e livres.<\/p>\n\n\n<figure class=\"wp-block-image size-large\"><img loading=\"lazy\" decoding=\"async\" width=\"1024\" height=\"768\" src=\"https:\/\/blogdoedvaldomagalhaes.com.br\/wp-content\/uploads\/2020\/11\/IMG-20201106-WA0119-1024x768.jpg\" alt=\"\" class=\"wp-image-63390\" srcset=\"https:\/\/blogdoedvaldomagalhaes.com.br\/wp-content\/uploads\/2020\/11\/IMG-20201106-WA0119-1024x768.jpg 1024w, https:\/\/blogdoedvaldomagalhaes.com.br\/wp-content\/uploads\/2020\/11\/IMG-20201106-WA0119-300x225.jpg 300w, https:\/\/blogdoedvaldomagalhaes.com.br\/wp-content\/uploads\/2020\/11\/IMG-20201106-WA0119-768x576.jpg 768w, https:\/\/blogdoedvaldomagalhaes.com.br\/wp-content\/uploads\/2020\/11\/IMG-20201106-WA0119-160x120.jpg 160w, https:\/\/blogdoedvaldomagalhaes.com.br\/wp-content\/uploads\/2020\/11\/IMG-20201106-WA0119.jpg 1280w\" sizes=\"auto, (max-width: 1024px) 100vw, 1024px\" \/><\/figure>\n","protected":false},"excerpt":{"rendered":"<p>O debate realizado pela R\u00e1dio Liberdade de Caruaru, Agreste de Pernambuco, na manh\u00e3 desta sexta-feira (06), no Centro de Conven\u00e7\u00f5es&hellip;<\/p>\n","protected":false},"author":1,"featured_media":63387,"comment_status":"open","ping_status":"open","sticky":false,"template":"","format":"standard","meta":{"footnotes":""},"categories":[14122],"tags":[2,19532,20067,20],"class_list":["post-63386","post","type-post","status-publish","format-standard","has-post-thumbnail","hentry","category-politica","tag-blog-do-edvaldo-magalhaes","tag-blog-mais-acessado-e-visualizado-de-caruaru-e-regiao","tag-candidatos-apresentam-propostas-em-debate-da-radio-liberdade-e-criticam-ausencia-da-prefeita-de-caruaru","tag-politica"],"_links":{"self":[{"href":"https:\/\/blogdoedvaldomagalhaes.com.br\/index.php\/wp-json\/wp\/v2\/posts\/63386","targetHints":{"allow":["GET"]}}],"collection":[{"href":"https:\/\/blogdoedvaldomagalhaes.com.br\/index.php\/wp-json\/wp\/v2\/posts"}],"about":[{"href":"https:\/\/blogdoedvaldomagalhaes.com.br\/index.php\/wp-json\/wp\/v2\/types\/post"}],"author":[{"embeddable":true,"href":"https:\/\/blogdoedvaldomagalhaes.com.br\/index.php\/wp-json\/wp\/v2\/users\/1"}],"replies":[{"embeddable":true,"href":"https:\/\/blogdoedvaldomagalhaes.com.br\/index.php\/wp-json\/wp\/v2\/comments?post=63386"}],"version-history":[{"count":2,"href":"https:\/\/blogdoedvaldomagalhaes.com.br\/index.php\/wp-json\/wp\/v2\/posts\/63386\/revisions"}],"predecessor-version":[{"id":63391,"href":"https:\/\/blogdoedvaldomagalhaes.com.br\/index.php\/wp-json\/wp\/v2\/posts\/63386\/revisions\/63391"}],"wp:featuredmedia":[{"embeddable":true,"href":"https:\/\/blogdoedvaldomagalhaes.com.br\/index.php\/wp-json\/wp\/v2\/media\/63387"}],"wp:attachment":[{"href":"https:\/\/blogdoedvaldomagalhaes.com.br\/index.php\/wp-json\/wp\/v2\/media?parent=63386"}],"wp:term":[{"taxonomy":"category","embeddable":true,"href":"https:\/\/blogdoedvaldomagalhaes.com.br\/index.php\/wp-json\/wp\/v2\/categories?post=63386"},{"taxonomy":"post_tag","embeddable":true,"href":"https:\/\/blogdoedvaldomagalhaes.com.br\/index.php\/wp-json\/wp\/v2\/tags?post=63386"}],"curies":[{"name":"wp","href":"https:\/\/api.w.org\/{rel}","templated":true}]}}