{"id":63383,"date":"2020-11-06T08:22:59","date_gmt":"2020-11-06T11:22:59","guid":{"rendered":"https:\/\/blogdoedvaldomagalhaes.com.br\/?p=63383"},"modified":"2020-11-06T08:23:02","modified_gmt":"2020-11-06T11:23:02","slug":"1o-homicidio-de-novembro-em-caruaru-jovem-e-morto-a-tiros","status":"publish","type":"post","link":"https:\/\/blogdoedvaldomagalhaes.com.br\/index.php\/2020\/11\/06\/1o-homicidio-de-novembro-em-caruaru-jovem-e-morto-a-tiros\/","title":{"rendered":"1\u00ba homic\u00eddio de novembro em Caruaru: Jovem \u00e9 morto a tiros"},"content":{"rendered":"<p style=\"text-align: justify;\">Um homic\u00eddio aconteceu durante a madrugada desta sexta-feira (06), em Caruaru. Um jovem foi morto a tiros nas escadarias do Monte Bom Jesus, bairro Centen\u00e1rio. A pol\u00edcia tomou conhecido do crime nesta manh\u00e3 e isolou o local.<\/p>\n<p style=\"text-align: justify;\">Lucas Mateus da Silva tinha 21 anos. Outro rapaz foi atingido com um tiro e socorrido para o Hospital Regional do Agreste (HRA). O corpo de Lucas Mateus foi encaminhado para o Instituto de Medicina Legal (IML).<\/p>\n<p style=\"text-align: justify;\">Este foi o 1\u00ba homic\u00eddio do m\u00eas de novembro em Caruaru. De janeiro at\u00e9 agora s\u00e3o 117 assassinatos no munic\u00edpio.<\/p>\n","protected":false},"excerpt":{"rendered":"<p>Um homic\u00eddio aconteceu durante a madrugada desta sexta-feira (06), em Caruaru. Um jovem foi morto a tiros nas escadarias do&hellip;<\/p>\n","protected":false},"author":1,"featured_media":63384,"comment_status":"open","ping_status":"open","sticky":false,"template":"","format":"standard","meta":{"footnotes":""},"categories":[14122],"tags":[20066,2,19532,20],"class_list":["post-63383","post","type-post","status-publish","format-standard","has-post-thumbnail","hentry","category-politica","tag-1o-homicidio-de-novembro-em-caruaru-jovem-e-morto-a-tiros","tag-blog-do-edvaldo-magalhaes","tag-blog-mais-acessado-e-visualizado-de-caruaru-e-regiao","tag-politica"],"_links":{"self":[{"href":"https:\/\/blogdoedvaldomagalhaes.com.br\/index.php\/wp-json\/wp\/v2\/posts\/63383","targetHints":{"allow":["GET"]}}],"collection":[{"href":"https:\/\/blogdoedvaldomagalhaes.com.br\/index.php\/wp-json\/wp\/v2\/posts"}],"about":[{"href":"https:\/\/blogdoedvaldomagalhaes.com.br\/index.php\/wp-json\/wp\/v2\/types\/post"}],"author":[{"embeddable":true,"href":"https:\/\/blogdoedvaldomagalhaes.com.br\/index.php\/wp-json\/wp\/v2\/users\/1"}],"replies":[{"embeddable":true,"href":"https:\/\/blogdoedvaldomagalhaes.com.br\/index.php\/wp-json\/wp\/v2\/comments?post=63383"}],"version-history":[{"count":1,"href":"https:\/\/blogdoedvaldomagalhaes.com.br\/index.php\/wp-json\/wp\/v2\/posts\/63383\/revisions"}],"predecessor-version":[{"id":63385,"href":"https:\/\/blogdoedvaldomagalhaes.com.br\/index.php\/wp-json\/wp\/v2\/posts\/63383\/revisions\/63385"}],"wp:featuredmedia":[{"embeddable":true,"href":"https:\/\/blogdoedvaldomagalhaes.com.br\/index.php\/wp-json\/wp\/v2\/media\/63384"}],"wp:attachment":[{"href":"https:\/\/blogdoedvaldomagalhaes.com.br\/index.php\/wp-json\/wp\/v2\/media?parent=63383"}],"wp:term":[{"taxonomy":"category","embeddable":true,"href":"https:\/\/blogdoedvaldomagalhaes.com.br\/index.php\/wp-json\/wp\/v2\/categories?post=63383"},{"taxonomy":"post_tag","embeddable":true,"href":"https:\/\/blogdoedvaldomagalhaes.com.br\/index.php\/wp-json\/wp\/v2\/tags?post=63383"}],"curies":[{"name":"wp","href":"https:\/\/api.w.org\/{rel}","templated":true}]}}