{"id":63379,"date":"2020-11-05T22:30:26","date_gmt":"2020-11-06T01:30:26","guid":{"rendered":"https:\/\/blogdoedvaldomagalhaes.com.br\/?p=63379"},"modified":"2020-11-05T22:32:50","modified_gmt":"2020-11-06T01:32:50","slug":"radio-liberdade-promove-nesta-sexta-feira-debate-com-candidatos-a-prefeitura-de-caruaru","status":"publish","type":"post","link":"https:\/\/blogdoedvaldomagalhaes.com.br\/index.php\/2020\/11\/05\/radio-liberdade-promove-nesta-sexta-feira-debate-com-candidatos-a-prefeitura-de-caruaru\/","title":{"rendered":"R\u00e1dio Liberdade promove nesta sexta-feira debate com candidatos \u00e0 Prefeitura de Caruaru"},"content":{"rendered":"<p style=\"text-align: justify;\">A R\u00e1dio Liberdade\u00a0<strong>FM 94,7<\/strong>\u00a0promove nesta sexta-feira (06) debate com candidatos \u00e0 Prefeitura de\u00a0<a href=\"https:\/\/liberdade.com.br\/\">Caruaru<\/a>, Agreste de Pernambuco. O evento come\u00e7a \u00e0s 9h, direto do Centro de Conven\u00e7\u00f5es do Senac, com media\u00e7\u00e3o de S\u00f3crates da Silva.<\/p>\n<p style=\"text-align: justify;\">Seguindo as normas da Justi\u00e7a Eleitoral, foram convidados os candidatos Delegado Lessa (Progressistas), Marcelo Gomes (PSB), Marcelo Rodrigues (PT), Raquel Lyra (PSDB) e Raffi\u00ea Dellon (PSD).<\/p>\n<p style=\"text-align: justify;\">Acompanhe o debate pela Liberdade\u00a0<a href=\"http:\/\/player.crosshost.com.br\/playerdev\/newplayer\/91\"><strong>FM 94,7<\/strong><\/a>, pelo\u00a0<a href=\"https:\/\/liberdade.com.br\/\">site liberdade.com.br<\/a>, YouTube e Facebook.<\/p>\n<p>Por Helenivaldo Pereira.<\/p>\n","protected":false},"excerpt":{"rendered":"<p>A R\u00e1dio Liberdade\u00a0FM 94,7\u00a0promove nesta sexta-feira (06) debate com candidatos \u00e0 Prefeitura de\u00a0Caruaru, Agreste de Pernambuco. O evento come\u00e7a \u00e0s&hellip;<\/p>\n","protected":false},"author":1,"featured_media":63380,"comment_status":"open","ping_status":"open","sticky":false,"template":"","format":"standard","meta":{"footnotes":""},"categories":[14122],"tags":[2,19532,20065,20,20064],"class_list":["post-63379","post","type-post","status-publish","format-standard","has-post-thumbnail","hentry","category-politica","tag-blog-do-edvaldo-magalhaes","tag-blog-mais-acessado-e-visualizado-de-caruaru-e-regiao","tag-debate","tag-politica","tag-radio-liberdade-promove-nesta-sexta-feira-debate-com-candidatos-a-prefeitura-de-caruaru"],"_links":{"self":[{"href":"https:\/\/blogdoedvaldomagalhaes.com.br\/index.php\/wp-json\/wp\/v2\/posts\/63379","targetHints":{"allow":["GET"]}}],"collection":[{"href":"https:\/\/blogdoedvaldomagalhaes.com.br\/index.php\/wp-json\/wp\/v2\/posts"}],"about":[{"href":"https:\/\/blogdoedvaldomagalhaes.com.br\/index.php\/wp-json\/wp\/v2\/types\/post"}],"author":[{"embeddable":true,"href":"https:\/\/blogdoedvaldomagalhaes.com.br\/index.php\/wp-json\/wp\/v2\/users\/1"}],"replies":[{"embeddable":true,"href":"https:\/\/blogdoedvaldomagalhaes.com.br\/index.php\/wp-json\/wp\/v2\/comments?post=63379"}],"version-history":[{"count":2,"href":"https:\/\/blogdoedvaldomagalhaes.com.br\/index.php\/wp-json\/wp\/v2\/posts\/63379\/revisions"}],"predecessor-version":[{"id":63382,"href":"https:\/\/blogdoedvaldomagalhaes.com.br\/index.php\/wp-json\/wp\/v2\/posts\/63379\/revisions\/63382"}],"wp:featuredmedia":[{"embeddable":true,"href":"https:\/\/blogdoedvaldomagalhaes.com.br\/index.php\/wp-json\/wp\/v2\/media\/63380"}],"wp:attachment":[{"href":"https:\/\/blogdoedvaldomagalhaes.com.br\/index.php\/wp-json\/wp\/v2\/media?parent=63379"}],"wp:term":[{"taxonomy":"category","embeddable":true,"href":"https:\/\/blogdoedvaldomagalhaes.com.br\/index.php\/wp-json\/wp\/v2\/categories?post=63379"},{"taxonomy":"post_tag","embeddable":true,"href":"https:\/\/blogdoedvaldomagalhaes.com.br\/index.php\/wp-json\/wp\/v2\/tags?post=63379"}],"curies":[{"name":"wp","href":"https:\/\/api.w.org\/{rel}","templated":true}]}}