{"id":63376,"date":"2020-11-05T21:22:04","date_gmt":"2020-11-06T00:22:04","guid":{"rendered":"https:\/\/blogdoedvaldomagalhaes.com.br\/?p=63376"},"modified":"2020-11-05T21:22:05","modified_gmt":"2020-11-06T00:22:05","slug":"senac-abre-196-vagas-em-cursos-gratuitos-de-qualificacao-e-aperfeicoamento","status":"publish","type":"post","link":"https:\/\/blogdoedvaldomagalhaes.com.br\/index.php\/2020\/11\/05\/senac-abre-196-vagas-em-cursos-gratuitos-de-qualificacao-e-aperfeicoamento\/","title":{"rendered":"Senac abre 196 vagas em cursos gratuitos de qualifica\u00e7\u00e3o e aperfei\u00e7oamento"},"content":{"rendered":"<p style=\"text-align: justify;\">O Senac Pernambuco abriu edital com 196 vagas em cursos gratuitos de qualifica\u00e7\u00e3o e aperfei\u00e7oamento profissional para Paulista, Abreu e Lima e Caruaru. Foram contempladas as \u00e1reas de Gest\u00e3o, Beleza, Sa\u00fade, Design, Com\u00e9rcio e Tecnologia na oferta.<\/p>\n<p style=\"text-align: justify;\">As inscri\u00e7\u00f5es come\u00e7aram nesta quinta-feira (05) e podem ser realizadas at\u00e9 a pr\u00f3xima segunda-feira (09), pelo site do Senac (<strong>www.pe.senac.br<\/strong>). A oferta integra o Programa Senac de Gratuidade (PSG).<\/p>\n<p style=\"text-align: justify;\">As aulas ser\u00e3o realizadas na modalidade presencial e, por isso, \u00e9 necess\u00e1rio que o aluno resida em Paulista, Abreu e Lima, Caruaru ou cidades pr\u00f3ximas. Para se candidatar, o estudante dever\u00e1 atender aos pr\u00e9-requisitos do PSG, como ter renda familiar de at\u00e9 dois sal\u00e1rios m\u00ednimos por pessoa.<\/p>\n<p style=\"text-align: justify;\">Cada curso tamb\u00e9m conta com pr\u00e9-requisitos espec\u00edficos, que podem ser observados no edital, dispon\u00edvel no link www.pe.senac.br\/psg\/#\/consulta-de-vagas.<\/p>\n<p style=\"text-align: justify;\">Ap\u00f3s o encerramento das inscri\u00e7\u00f5es, o resultado dos aprovados ser\u00e1 divulgado no dia 10 de novembro. As matr\u00edculas ser\u00e3o realizadas nos dias 10 e 11 de novembro, presencialmente, nas unidades do Senac, localizadas na Avenida Severino Cunha Primo, 30, em Jardim Paulista; e na avenida Maria Jos\u00e9 Lyra, 140, Indian\u00f3polis, para o caso de Caruaru.<\/p>\n<p style=\"text-align: justify;\">Mais informa\u00e7\u00f5es sobre o Programa Senac de Gratuidade e sobre a sele\u00e7\u00e3o podem ser consultadas pelo site www.pe.senac.br ou pelos telefones 0800.081.1688 ou 3727-8259 (Caruaru).<\/p>\n<p style=\"text-align: justify;\">Programa Senac de Gratuidade \u2013 O PSG tem o objetivo de garantir o acesso \u00e0 educa\u00e7\u00e3o profissional de qualidade a pessoas com renda familiar per capta de at\u00e9 dois sal\u00e1rios m\u00ednimos. O programa integra um acordo firmado em 2008 com o Governo Federal e representa um compromisso do Senac com a sociedade para promover a inclus\u00e3o social por meio da educa\u00e7\u00e3o profissional.<\/p>\n<p>Foto do Senac: Divulga\u00e7\u00e3o.<\/p>\n","protected":false},"excerpt":{"rendered":"<p>O Senac Pernambuco abriu edital com 196 vagas em cursos gratuitos de qualifica\u00e7\u00e3o e aperfei\u00e7oamento profissional para Paulista, Abreu e&hellip;<\/p>\n","protected":false},"author":1,"featured_media":63377,"comment_status":"open","ping_status":"open","sticky":false,"template":"","format":"standard","meta":{"footnotes":""},"categories":[14120],"tags":[2,19532,6,20063],"class_list":["post-63376","post","type-post","status-publish","format-standard","has-post-thumbnail","hentry","category-noticias","tag-blog-do-edvaldo-magalhaes","tag-blog-mais-acessado-e-visualizado-de-caruaru-e-regiao","tag-noticias","tag-senac-abre-196-vagas-em-cursos-gratuitos-de-qualificacao-e-aperfeicoamento"],"_links":{"self":[{"href":"https:\/\/blogdoedvaldomagalhaes.com.br\/index.php\/wp-json\/wp\/v2\/posts\/63376","targetHints":{"allow":["GET"]}}],"collection":[{"href":"https:\/\/blogdoedvaldomagalhaes.com.br\/index.php\/wp-json\/wp\/v2\/posts"}],"about":[{"href":"https:\/\/blogdoedvaldomagalhaes.com.br\/index.php\/wp-json\/wp\/v2\/types\/post"}],"author":[{"embeddable":true,"href":"https:\/\/blogdoedvaldomagalhaes.com.br\/index.php\/wp-json\/wp\/v2\/users\/1"}],"replies":[{"embeddable":true,"href":"https:\/\/blogdoedvaldomagalhaes.com.br\/index.php\/wp-json\/wp\/v2\/comments?post=63376"}],"version-history":[{"count":1,"href":"https:\/\/blogdoedvaldomagalhaes.com.br\/index.php\/wp-json\/wp\/v2\/posts\/63376\/revisions"}],"predecessor-version":[{"id":63378,"href":"https:\/\/blogdoedvaldomagalhaes.com.br\/index.php\/wp-json\/wp\/v2\/posts\/63376\/revisions\/63378"}],"wp:featuredmedia":[{"embeddable":true,"href":"https:\/\/blogdoedvaldomagalhaes.com.br\/index.php\/wp-json\/wp\/v2\/media\/63377"}],"wp:attachment":[{"href":"https:\/\/blogdoedvaldomagalhaes.com.br\/index.php\/wp-json\/wp\/v2\/media?parent=63376"}],"wp:term":[{"taxonomy":"category","embeddable":true,"href":"https:\/\/blogdoedvaldomagalhaes.com.br\/index.php\/wp-json\/wp\/v2\/categories?post=63376"},{"taxonomy":"post_tag","embeddable":true,"href":"https:\/\/blogdoedvaldomagalhaes.com.br\/index.php\/wp-json\/wp\/v2\/tags?post=63376"}],"curies":[{"name":"wp","href":"https:\/\/api.w.org\/{rel}","templated":true}]}}