{"id":6337,"date":"2017-04-04T20:08:00","date_gmt":"2017-04-04T23:08:00","guid":{"rendered":"http:\/\/blogdoedvaldomagalhaes.com.br\/index.php\/2017\/04\/04\/homem-assassinado-neste-terca-feira-e\/"},"modified":"2019-02-09T01:22:24","modified_gmt":"2019-02-09T03:22:24","slug":"homem-assassinado-neste-terca-feira-e","status":"publish","type":"post","link":"https:\/\/blogdoedvaldomagalhaes.com.br\/index.php\/2017\/04\/04\/homem-assassinado-neste-terca-feira-e\/","title":{"rendered":"Ex-presidi\u00e1rio assassinado neste ter\u00e7a-feira em Caruaru"},"content":{"rendered":"<div class=\"separator\" style=\"clear: both; text-align: center;\">\n<a href=\"https:\/\/3.bp.blogspot.com\/-jeq6KYl63cQ\/WOP9JT5WFJI\/AAAAAAAAS3w\/6e7IXFeLRZ48d8kgGoW5rvv1Gb9qgg_PgCLcB\/s1600\/crime.jpg\" imageanchor=\"1\" style=\"margin-left: 1em; margin-right: 1em;\"><img loading=\"lazy\" decoding=\"async\" border=\"0\" height=\"221\" src=\"http:\/\/blogdoedvaldomagalhaes.com.br\/wp-content\/uploads\/2017\/04\/crime-2.jpg\" width=\"400\" \/><\/a><\/div>\n<div class=\"separator\" style=\"clear: both; text-align: center;\">\nFoto: Reprodu\u00e7\u00e3o\/WhatsApp<\/div>\n<div class=\"separator\" style=\"clear: both; text-align: center;\">\n<\/div>\n<div class=\"separator\" style=\"clear: both; text-align: justify;\">\nO ex-presidi\u00e1rio Josiel Jos\u00e9 da Silva, 24 anos, que morava no s\u00edtio Campo Novo de Cima, zona rural de Caruaru, foi assassinado pr\u00f3ximo a pr\u00f3pria resid\u00eancia, com v\u00e1rios disparos de arma de fogo nas costas e na cabe\u00e7a, por pessoas n\u00e3o identificadas, que estavam em um ve\u00edculo, se aproximaram da v\u00edtima e atiraram, na tarde deste ter\u00e7a-feira (04). Segundo informa\u00e7\u00f5es, Josiel j\u00e1 teve passagem pela pol\u00edcia acusado de assalto, sendo morto com aproximadamente 10 tiros de pistola calibre 380.<\/div>\n<div class=\"separator\" style=\"clear: both; text-align: justify;\">\n<\/div>\n<div class=\"separator\" style=\"clear: both; text-align: center;\">\n<a href=\"https:\/\/4.bp.blogspot.com\/-0pqVvUvOEYk\/WORZ-ua6njI\/AAAAAAAAS7o\/-XDLWj_8lSw3lOyzzXIQcLd2_1brL8ooACLcB\/s1600\/ele.jpg\" imageanchor=\"1\" style=\"margin-left: 1em; margin-right: 1em;\"><img loading=\"lazy\" decoding=\"async\" border=\"0\" height=\"400\" src=\"http:\/\/blogdoedvaldomagalhaes.com.br\/wp-content\/uploads\/2017\/04\/ele.jpg\" width=\"225\" \/><\/a><\/div>\n<div class=\"separator\" style=\"clear: both; text-align: justify;\">\n<\/div>\n<div class=\"separator\" style=\"clear: both; text-align: justify;\">\nEste foi o 4\u00ba homic\u00eddio do m\u00eas de abril e o 74\u00ba do ano em Caruaru.<\/div>\n<div class=\"separator\" style=\"clear: both; text-align: center;\">\n<a href=\"http:\/\/blogdoedvaldomagalhaes.com.br\/wp-content\/uploads\/2017\/04\/7-SINTRACON-2.jpg\" imageanchor=\"1\" style=\"clear: left; float: left; margin-bottom: 1em; margin-right: 1em;\"><img decoding=\"async\" border=\"0\" src=\"http:\/\/blogdoedvaldomagalhaes.com.br\/wp-content\/uploads\/2017\/04\/7-SINTRACON-2.jpg\" \/><\/a><\/div>\n","protected":false},"excerpt":{"rendered":"<p>Foto: Reprodu\u00e7\u00e3o\/WhatsApp O ex-presidi\u00e1rio Josiel Jos\u00e9 da Silva, 24 anos, que morava no s\u00edtio Campo Novo de Cima, zona rural&hellip;<\/p>\n","protected":false},"author":1,"featured_media":0,"comment_status":"open","ping_status":"open","sticky":false,"template":"","format":"standard","meta":{"footnotes":""},"categories":[1],"tags":[2,8530,13],"class_list":["post-6337","post","type-post","status-publish","format-standard","hentry","category-sem-categoria","tag-blog-do-edvaldo-magalhaes","tag-homem-assassinado-neste-terca-feira-em-caruaru","tag-policial"],"_links":{"self":[{"href":"https:\/\/blogdoedvaldomagalhaes.com.br\/index.php\/wp-json\/wp\/v2\/posts\/6337","targetHints":{"allow":["GET"]}}],"collection":[{"href":"https:\/\/blogdoedvaldomagalhaes.com.br\/index.php\/wp-json\/wp\/v2\/posts"}],"about":[{"href":"https:\/\/blogdoedvaldomagalhaes.com.br\/index.php\/wp-json\/wp\/v2\/types\/post"}],"author":[{"embeddable":true,"href":"https:\/\/blogdoedvaldomagalhaes.com.br\/index.php\/wp-json\/wp\/v2\/users\/1"}],"replies":[{"embeddable":true,"href":"https:\/\/blogdoedvaldomagalhaes.com.br\/index.php\/wp-json\/wp\/v2\/comments?post=6337"}],"version-history":[{"count":1,"href":"https:\/\/blogdoedvaldomagalhaes.com.br\/index.php\/wp-json\/wp\/v2\/posts\/6337\/revisions"}],"predecessor-version":[{"id":18424,"href":"https:\/\/blogdoedvaldomagalhaes.com.br\/index.php\/wp-json\/wp\/v2\/posts\/6337\/revisions\/18424"}],"wp:attachment":[{"href":"https:\/\/blogdoedvaldomagalhaes.com.br\/index.php\/wp-json\/wp\/v2\/media?parent=6337"}],"wp:term":[{"taxonomy":"category","embeddable":true,"href":"https:\/\/blogdoedvaldomagalhaes.com.br\/index.php\/wp-json\/wp\/v2\/categories?post=6337"},{"taxonomy":"post_tag","embeddable":true,"href":"https:\/\/blogdoedvaldomagalhaes.com.br\/index.php\/wp-json\/wp\/v2\/tags?post=6337"}],"curies":[{"name":"wp","href":"https:\/\/api.w.org\/{rel}","templated":true}]}}