{"id":6336,"date":"2017-04-04T21:04:00","date_gmt":"2017-04-05T00:04:00","guid":{"rendered":"http:\/\/blogdoedvaldomagalhaes.com.br\/index.php\/2017\/04\/04\/numero-de-reclamacoes-no-procon-caruaru\/"},"modified":"2019-02-09T01:22:25","modified_gmt":"2019-02-09T03:22:25","slug":"numero-de-reclamacoes-no-procon-caruaru","status":"publish","type":"post","link":"https:\/\/blogdoedvaldomagalhaes.com.br\/index.php\/2017\/04\/04\/numero-de-reclamacoes-no-procon-caruaru\/","title":{"rendered":"N\u00famero de reclama\u00e7\u00f5es no Procon Caruaru aumentou 21% nesse ano"},"content":{"rendered":"<div class=\"separator\" style=\"clear: both; text-align: center;\">\n<a href=\"https:\/\/1.bp.blogspot.com\/-pgo_zQukj6k\/WOQKQ8Z3pvI\/AAAAAAAAS4M\/T8hR-JxAUVEhjSGn29fOKtzlnISAP3ZwwCLcB\/s1600\/procon%2B1.jpg\" imageanchor=\"1\" style=\"margin-left: 1em; margin-right: 1em;\"><img loading=\"lazy\" decoding=\"async\" border=\"0\" height=\"400\" src=\"http:\/\/blogdoedvaldomagalhaes.com.br\/wp-content\/uploads\/2017\/04\/procon1.jpg\" width=\"343\" \/><\/a><\/div>\n<div align=\"center\" class=\"MsoNormal\" style=\"line-height: normal; mso-margin-bottom-alt: auto; mso-margin-top-alt: auto; text-align: center;\">\n<\/div>\n<div class=\"MsoNormal\" style=\"line-height: normal; mso-margin-bottom-alt: auto; mso-margin-top-alt: auto; text-align: justify;\">\nO Procon Caruaru divulgou as estat\u00edstica referentes<br \/>\naos atendimentos e reclama\u00e7\u00f5es do primeiro trimestre de 2017. No total, foram<br \/>\nrealizados 2.627 atendimentos.&nbsp; Servi\u00e7os essenciais e assuntos financeiros<br \/>\nforam os pontos mais procurados pelos consumidores. Fazendo a compara\u00e7\u00e3o com o<br \/>\nano de 2016, a porcentagem de atendimentos aumentou em 21%. \u201cNossa m\u00e9dia de<br \/>\natendimento, nesses tr\u00eas meses, est\u00e1 sendo de 42 consumidores por dia. Nossa<br \/>\nexpectativa \u00e9 aumentar a m\u00e9dia di\u00e1ria, melhorando o servi\u00e7o e agilizando o<br \/>\natendimento\u201d, destacou o diretor do PROCON, Nyverson Moura. <\/div>\n<div class=\"MsoNormal\" style=\"line-height: normal; mso-margin-bottom-alt: auto; mso-margin-top-alt: auto; text-align: justify;\">\n<\/div>\n<div align=\"center\" class=\"MsoNormal\" style=\"text-align: center;\">\n<\/div>\n<div class=\"MsoNormal\" style=\"line-height: normal; mso-margin-bottom-alt: auto; mso-margin-top-alt: auto; text-align: justify;\">\nO PROCON Caruaru funciona na Avenida Rio Branco, n\u00b0<br \/>\n315, de segunda a sexta-feira, das 7h \u00e0s 13h.<\/p>\n<\/div>\n<div class=\"MsoNormal\" style=\"line-height: normal; mso-margin-bottom-alt: auto; mso-margin-top-alt: auto; text-align: justify;\">\n<div class=\"separator\" style=\"clear: both; text-align: center;\">\n<a href=\"http:\/\/blogdoedvaldomagalhaes.com.br\/wp-content\/uploads\/2017\/04\/10-Etical-2.jpg\" imageanchor=\"1\" style=\"margin-left: 1em; margin-right: 1em;\"><img decoding=\"async\" border=\"0\" src=\"http:\/\/blogdoedvaldomagalhaes.com.br\/wp-content\/uploads\/2017\/04\/10-Etical-2.jpg\" \/><\/a><\/div>\n<p><\/div>\n","protected":false},"excerpt":{"rendered":"<p>O Procon Caruaru divulgou as estat\u00edstica referentes aos atendimentos e reclama\u00e7\u00f5es do primeiro trimestre de 2017. No total, foram realizados&hellip;<\/p>\n","protected":false},"author":1,"featured_media":0,"comment_status":"open","ping_status":"open","sticky":false,"template":"","format":"standard","meta":{"footnotes":""},"categories":[1],"tags":[2,6,8529,2479],"class_list":["post-6336","post","type-post","status-publish","format-standard","hentry","category-sem-categoria","tag-blog-do-edvaldo-magalhaes","tag-noticias","tag-numero-de-reclamacoes-no-procon-caruaru-aumentou-21-nesse-ano","tag-nyverson-moura"],"_links":{"self":[{"href":"https:\/\/blogdoedvaldomagalhaes.com.br\/index.php\/wp-json\/wp\/v2\/posts\/6336","targetHints":{"allow":["GET"]}}],"collection":[{"href":"https:\/\/blogdoedvaldomagalhaes.com.br\/index.php\/wp-json\/wp\/v2\/posts"}],"about":[{"href":"https:\/\/blogdoedvaldomagalhaes.com.br\/index.php\/wp-json\/wp\/v2\/types\/post"}],"author":[{"embeddable":true,"href":"https:\/\/blogdoedvaldomagalhaes.com.br\/index.php\/wp-json\/wp\/v2\/users\/1"}],"replies":[{"embeddable":true,"href":"https:\/\/blogdoedvaldomagalhaes.com.br\/index.php\/wp-json\/wp\/v2\/comments?post=6336"}],"version-history":[{"count":1,"href":"https:\/\/blogdoedvaldomagalhaes.com.br\/index.php\/wp-json\/wp\/v2\/posts\/6336\/revisions"}],"predecessor-version":[{"id":18427,"href":"https:\/\/blogdoedvaldomagalhaes.com.br\/index.php\/wp-json\/wp\/v2\/posts\/6336\/revisions\/18427"}],"wp:attachment":[{"href":"https:\/\/blogdoedvaldomagalhaes.com.br\/index.php\/wp-json\/wp\/v2\/media?parent=6336"}],"wp:term":[{"taxonomy":"category","embeddable":true,"href":"https:\/\/blogdoedvaldomagalhaes.com.br\/index.php\/wp-json\/wp\/v2\/categories?post=6336"},{"taxonomy":"post_tag","embeddable":true,"href":"https:\/\/blogdoedvaldomagalhaes.com.br\/index.php\/wp-json\/wp\/v2\/tags?post=6336"}],"curies":[{"name":"wp","href":"https:\/\/api.w.org\/{rel}","templated":true}]}}