{"id":6322,"date":"2017-04-05T13:55:00","date_gmt":"2017-04-05T16:55:00","guid":{"rendered":"http:\/\/blogdoedvaldomagalhaes.com.br\/index.php\/2017\/04\/05\/homicidio-ex-presidiario-baleado-e\/"},"modified":"2019-02-09T01:22:33","modified_gmt":"2019-02-09T03:22:33","slug":"homicidio-ex-presidiario-baleado-e","status":"publish","type":"post","link":"https:\/\/blogdoedvaldomagalhaes.com.br\/index.php\/2017\/04\/05\/homicidio-ex-presidiario-baleado-e\/","title":{"rendered":"Homic\u00eddio: ex-presidi\u00e1rio baleado em Caruaru morre no HRA"},"content":{"rendered":"<div class=\"separator\" style=\"clear: both; text-align: center;\">\n<a href=\"https:\/\/1.bp.blogspot.com\/-A0M9iyuP6_0\/WOT2lLJAJLI\/AAAAAAAAS9w\/7CyuGRVrknwIYfyTHOHDVNocVDNFkK1pgCLcB\/s1600\/IMG-20170404-WA0176.jpg\" imageanchor=\"1\" style=\"margin-left: 1em; margin-right: 1em;\"><img loading=\"lazy\" decoding=\"async\" border=\"0\" height=\"400\" src=\"http:\/\/blogdoedvaldomagalhaes.com.br\/wp-content\/uploads\/2017\/04\/IMG-20170404-WA0176.jpg\" width=\"400\" \/><\/a><\/div>\n<p><\/p>\n<div style=\"text-align: justify;\">\nO ex-presidi\u00e1rio Ant\u00f4nio Severino da Silva, 35 anos, que residia na Rua Martins Francisco, no bairro Salgado, baleado na cabe\u00e7a no \u00faltimo fim de semana na rua Goi\u00e1s, morreu no Hospital da Restaura\u00e7\u00e3o &nbsp;(HR), nessa ter\u00e7a-feira (04). De acordo com informa\u00e7\u00f5es, a v\u00edtima estava em via p\u00fablica quando foi alvejada. No sistema da pol\u00edcia consta passagem de Ant\u00f4nio na penitenci\u00e1ria acusado de furto e tr\u00e1fico de droga.<\/div>\n<p>Este foi o 5\u00ba homic\u00eddio em abril e 75\u00ba no ano, em Caruaru.&nbsp;<\/p>\n<p><\/p>\n<div class=\"separator\" style=\"clear: both; text-align: center;\">\n<a href=\"http:\/\/blogdoedvaldomagalhaes.com.br\/wp-content\/uploads\/2017\/04\/sintracon.jpg\" imageanchor=\"1\" style=\"clear: left; float: left; margin-bottom: 1em; margin-right: 1em;\"><img decoding=\"async\" border=\"0\" src=\"http:\/\/blogdoedvaldomagalhaes.com.br\/wp-content\/uploads\/2017\/04\/sintracon.jpg\" \/><\/a><\/div>\n<p><\/p>\n","protected":false},"excerpt":{"rendered":"<p>O ex-presidi\u00e1rio Ant\u00f4nio Severino da Silva, 35 anos, que residia na Rua Martins Francisco, no bairro Salgado, baleado na cabe\u00e7a&hellip;<\/p>\n","protected":false},"author":1,"featured_media":0,"comment_status":"open","ping_status":"open","sticky":false,"template":"","format":"standard","meta":{"footnotes":""},"categories":[1],"tags":[2,8505,3982,8430,13],"class_list":["post-6322","post","type-post","status-publish","format-standard","hentry","category-sem-categoria","tag-blog-do-edvaldo-magalhaes","tag-homicidio-ex-presidiario-baleado-em-caruaru-morre-no-hra","tag-hospital-da-restauracao","tag-hr","tag-policial"],"_links":{"self":[{"href":"https:\/\/blogdoedvaldomagalhaes.com.br\/index.php\/wp-json\/wp\/v2\/posts\/6322","targetHints":{"allow":["GET"]}}],"collection":[{"href":"https:\/\/blogdoedvaldomagalhaes.com.br\/index.php\/wp-json\/wp\/v2\/posts"}],"about":[{"href":"https:\/\/blogdoedvaldomagalhaes.com.br\/index.php\/wp-json\/wp\/v2\/types\/post"}],"author":[{"embeddable":true,"href":"https:\/\/blogdoedvaldomagalhaes.com.br\/index.php\/wp-json\/wp\/v2\/users\/1"}],"replies":[{"embeddable":true,"href":"https:\/\/blogdoedvaldomagalhaes.com.br\/index.php\/wp-json\/wp\/v2\/comments?post=6322"}],"version-history":[{"count":1,"href":"https:\/\/blogdoedvaldomagalhaes.com.br\/index.php\/wp-json\/wp\/v2\/posts\/6322\/revisions"}],"predecessor-version":[{"id":18470,"href":"https:\/\/blogdoedvaldomagalhaes.com.br\/index.php\/wp-json\/wp\/v2\/posts\/6322\/revisions\/18470"}],"wp:attachment":[{"href":"https:\/\/blogdoedvaldomagalhaes.com.br\/index.php\/wp-json\/wp\/v2\/media?parent=6322"}],"wp:term":[{"taxonomy":"category","embeddable":true,"href":"https:\/\/blogdoedvaldomagalhaes.com.br\/index.php\/wp-json\/wp\/v2\/categories?post=6322"},{"taxonomy":"post_tag","embeddable":true,"href":"https:\/\/blogdoedvaldomagalhaes.com.br\/index.php\/wp-json\/wp\/v2\/tags?post=6322"}],"curies":[{"name":"wp","href":"https:\/\/api.w.org\/{rel}","templated":true}]}}