{"id":63094,"date":"2020-10-29T21:17:44","date_gmt":"2020-10-30T00:17:44","guid":{"rendered":"https:\/\/blogdoedvaldomagalhaes.com.br\/?p=63094"},"modified":"2020-10-29T21:17:45","modified_gmt":"2020-10-30T00:17:45","slug":"tre-pe-proibe-atos-presenciais-de-campanha-que-causem-aglomeracao-comicios-passeatas-caminhadas-carreatas","status":"publish","type":"post","link":"https:\/\/blogdoedvaldomagalhaes.com.br\/index.php\/2020\/10\/29\/tre-pe-proibe-atos-presenciais-de-campanha-que-causem-aglomeracao-comicios-passeatas-caminhadas-carreatas\/","title":{"rendered":"TRE-PE pro\u00edbe atos presenciais de campanha que causem aglomera\u00e7\u00e3o: com\u00edcios, passeatas, caminhadas, carreatas"},"content":{"rendered":"<p style=\"text-align: justify;\">Diante do aumento de casos de contamina\u00e7\u00e3o pelo novo coronav\u00edrus e preocupado em preservar vidas, o Tribunal Regional Eleitoral de Pernambuco (TRE-PE) determinou, na noite desta quinta-feira (29-10), a proibi\u00e7\u00e3o, em Pernambuco, de todos os atos presenciais de campanha eleitoral causadores de aglomera\u00e7\u00e3o.<\/p>\n<p style=\"text-align: justify;\">Est\u00e3o suspensos, portanto, em todos os 184 munic\u00edpios do Estado, eventos como com\u00edcios, bandeira\u00e7os, passeatas, caminhadas, carreatas e similares, al\u00e9m de confraterniza\u00e7\u00f5es, inclusive para arrecada\u00e7\u00e3o de recursos de campanha. A proibi\u00e7\u00e3o se estende a eventos no modelo drive-thru.<\/p>\n<p style=\"text-align: justify;\">Pernambuco e o Brasil, assim como outros Estados e pa\u00edses, vivem, atualmente, sob a amea\u00e7a da chamada &#8220;segunda onda&#8221; da covid-19. &#8220;O TRE, com a decis\u00e3o de hoje, mostra o seu compromisso com a sa\u00fade e a vida dos cidad\u00e3os e cidad\u00e3s pernambucanos&#8221;, disse o presidente do Tribunal, desembargador Frederico Neves.<\/p>\n<p style=\"text-align: justify;\">A Corte Eleitoral de Pernambuco aprovou a decis\u00e3o por 6 a 0 (houve uma absten\u00e7\u00e3o). A proposta de proibi\u00e7\u00e3o dos atos presenciais de campanha foi apresentada em Resolu\u00e7\u00e3o pelo presidente do TRE-PE, desembargador Frederico Neves.<\/p>\n<p style=\"text-align: justify;\">De acordo com a\u00a0<a class=\"internal-link\" href=\"https:\/\/www.tre-pe.jus.br\/imprensa\/arquivos\/tre-pe-minuta-resolucao-proibicao-atos-de-campanha\" target=\"_self\" rel=\"noopener noreferrer\">resolu\u00e7\u00e3o<\/a>, os ju\u00edzes eleitorais, no exerc\u00edcio do poder de pol\u00edcia conferido pela legisla\u00e7\u00e3o, dever\u00e3o coibir todo e qualquer ato de campanha que viole a resolu\u00e7\u00e3o. A\u00a0<a class=\"internal-link\" href=\"https:\/\/www.tre-pe.jus.br\/imprensa\/arquivos\/tre-pe-minuta-resolucao-proibicao-atos-de-campanha\" target=\"_self\" rel=\"noopener noreferrer\">resolu\u00e7\u00e3o\u00a0<\/a>tamb\u00e9m estabelece que as decis\u00f5es judiciais para restaura\u00e7\u00e3o da ordem, no que se refere \u00e0 aglomera\u00e7\u00e3o irregular de pessoas e \u00e0 inobserv\u00e2ncia das demais medidas sanit\u00e1rias obrigat\u00f3rias em atos de campanha, dever\u00e3o ressalvar que constitui crime de desobedi\u00eancia a recusa ao cumprimento de dilig\u00eancias, ordens ou instru\u00e7\u00f5es da Justi\u00e7a Eleitoral ou a oposi\u00e7\u00e3o de embara\u00e7os \u00e0 sua execu\u00e7\u00e3o.<\/p>\n<p style=\"text-align: justify;\">Ao apresentar a proposta de\u00a0<a class=\"internal-link\" href=\"https:\/\/www.tre-pe.jus.br\/imprensa\/arquivos\/tre-pe-minuta-resolucao-proibicao-atos-de-campanha\" target=\"_self\" rel=\"noopener noreferrer\">resolu\u00e7\u00e3o<\/a>, o presidente do TRE-PE levou em considera\u00e7\u00e3o, entre outros fatores, que, na pr\u00e1tica, o controle do distanciamento social, do uso de m\u00e1scaras e de outras precau\u00e7\u00f5es tem se revelado absolutamente ineficaz nos atos de campanha eleitoral.<\/p>\n<p style=\"text-align: justify;\">A prova de que as a\u00e7\u00f5es do Poder P\u00fablico n\u00e3o est\u00e3o surtindo efeito s\u00e3o os v\u00e1rios v\u00eddeos de aglomera\u00e7\u00f5es que v\u00eam sendo veiculados na imprensa e nas redes sociais.<\/p>\n<p style=\"text-align: justify;\">A\u00a0<a class=\"internal-link\" href=\"https:\/\/www.tre-pe.jus.br\/imprensa\/arquivos\/tre-pe-minuta-resolucao-proibicao-atos-de-campanha\" target=\"_self\" rel=\"noopener noreferrer\">resolu\u00e7\u00e3o<\/a>\u00a0tamb\u00e9m aponta, em seus &#8220;considerandos&#8221;, dois pontos que merecem ser destacados. Primeiro: A conjuntura de extrema gravidade e incertezas decorrente da pandemia da covid-19 est\u00e1 por exigir postura respons\u00e1vel de todos e, sobretudo, daqueles que almejam ocupar cargos nos Poderes Legislativo e Executivo, respons\u00e1veis pela defini\u00e7\u00e3o e execu\u00e7\u00e3o de pol\u00edticas p\u00fablicas, bem assim da pr\u00f3pria Justi\u00e7a Eleitoral. E o mais importante: a preserva\u00e7\u00e3o da vida, que est\u00e1 acima de tudo, exige a contribui\u00e7\u00e3o de todos.<\/p>\n<p>Fonte: Tribunal Regional Eleitoral (TRE-PE).<\/p>\n","protected":false},"excerpt":{"rendered":"<p>Diante do aumento de casos de contamina\u00e7\u00e3o pelo novo coronav\u00edrus e preocupado em preservar vidas, o Tribunal Regional Eleitoral de&hellip;<\/p>\n","protected":false},"author":1,"featured_media":63095,"comment_status":"open","ping_status":"open","sticky":false,"template":"","format":"standard","meta":{"footnotes":""},"categories":[14122],"tags":[19980,19981,19670,19370,19979],"class_list":["post-63094","post","type-post","status-publish","format-standard","has-post-thumbnail","hentry","category-politica","tag-caminhadas","tag-carreatas","tag-novo-coronavirus","tag-passeatas","tag-tre-pe-proibe-atos-presenciais-de-campanha-que-causem-aglomeracao-comicios"],"_links":{"self":[{"href":"https:\/\/blogdoedvaldomagalhaes.com.br\/index.php\/wp-json\/wp\/v2\/posts\/63094","targetHints":{"allow":["GET"]}}],"collection":[{"href":"https:\/\/blogdoedvaldomagalhaes.com.br\/index.php\/wp-json\/wp\/v2\/posts"}],"about":[{"href":"https:\/\/blogdoedvaldomagalhaes.com.br\/index.php\/wp-json\/wp\/v2\/types\/post"}],"author":[{"embeddable":true,"href":"https:\/\/blogdoedvaldomagalhaes.com.br\/index.php\/wp-json\/wp\/v2\/users\/1"}],"replies":[{"embeddable":true,"href":"https:\/\/blogdoedvaldomagalhaes.com.br\/index.php\/wp-json\/wp\/v2\/comments?post=63094"}],"version-history":[{"count":1,"href":"https:\/\/blogdoedvaldomagalhaes.com.br\/index.php\/wp-json\/wp\/v2\/posts\/63094\/revisions"}],"predecessor-version":[{"id":63096,"href":"https:\/\/blogdoedvaldomagalhaes.com.br\/index.php\/wp-json\/wp\/v2\/posts\/63094\/revisions\/63096"}],"wp:featuredmedia":[{"embeddable":true,"href":"https:\/\/blogdoedvaldomagalhaes.com.br\/index.php\/wp-json\/wp\/v2\/media\/63095"}],"wp:attachment":[{"href":"https:\/\/blogdoedvaldomagalhaes.com.br\/index.php\/wp-json\/wp\/v2\/media?parent=63094"}],"wp:term":[{"taxonomy":"category","embeddable":true,"href":"https:\/\/blogdoedvaldomagalhaes.com.br\/index.php\/wp-json\/wp\/v2\/categories?post=63094"},{"taxonomy":"post_tag","embeddable":true,"href":"https:\/\/blogdoedvaldomagalhaes.com.br\/index.php\/wp-json\/wp\/v2\/tags?post=63094"}],"curies":[{"name":"wp","href":"https:\/\/api.w.org\/{rel}","templated":true}]}}