{"id":63091,"date":"2020-10-29T20:48:55","date_gmt":"2020-10-29T23:48:55","guid":{"rendered":"https:\/\/blogdoedvaldomagalhaes.com.br\/?p=63091"},"modified":"2020-10-29T20:48:56","modified_gmt":"2020-10-29T23:48:56","slug":"novo-normal-todas-as-atividades-economicas-permitidas-com-novos-protocolos-em-pernambuco","status":"publish","type":"post","link":"https:\/\/blogdoedvaldomagalhaes.com.br\/index.php\/2020\/10\/29\/novo-normal-todas-as-atividades-economicas-permitidas-com-novos-protocolos-em-pernambuco\/","title":{"rendered":"Novo Normal: Todas as atividades econ\u00f4micas permitidas com novos protocolos em Pernambuco"},"content":{"rendered":"<p style=\"font-weight: 400; text-align: justify;\">A partir da pr\u00f3xima ter\u00e7a-feira (03.11), todo o Estado de Pernambuco avan\u00e7ar\u00e1 para a Etapa 11 do Plano de Conviv\u00eancia com a Covid-19. Essa \u00faltima etapa \u00e9 um est\u00e1gio em que todas as atividades econ\u00f4micas estar\u00e3o permitidas, com novos protocolos, seja geral ou espec\u00edfico de cada setor. \u201cNesse novo normal, vamos continuar dialogando com os setores produtivos e fazendo os ajustes nas calibragens de cargas, podendo aumentar ou diminuir e, eventualmente, at\u00e9 proibir algumas atividades que n\u00e3o estejam seguindo os protocolos\u201d, afirmou o secret\u00e1rio estadual de Desenvolvimento Econ\u00f4mico, Bruno Schwambach.<\/p>\n<p style=\"font-weight: 400; text-align: justify;\"><strong>INDICADORES<\/strong>\u00a0&#8211; Pelo segundo dia consecutivo, a rede hospitalar de assist\u00eancia \u00e0 Covid-19 conta com menos de 1 mil pacientes confirmados para a enfermidade em leitos de enfermaria. O boletim epidemiol\u00f3gico desta quinta-feira (29\/10) traz 986 pessoas com a Covid-19 em enfermaria, n\u00famero que chegou a mais de 4 mil na fase mais cr\u00edtica da doen\u00e7a em Pernambuco. No caso das vagas de UTI, atualmente, s\u00e3o 78 pacientes internados com diagn\u00f3stico da doen\u00e7a, quantitativo que j\u00e1 chegou a 400.<\/p>\n<p style=\"font-weight: 400; text-align: justify;\">Esse \u00e9 um dos indicativos que mostra que a situa\u00e7\u00e3o do novo coronav\u00edrus em Pernambuco continua seguindo uma tend\u00eancia de estabiliza\u00e7\u00e3o. Quando se calcula a m\u00e9dia m\u00f3vel de casos com a data efetiva da notifica\u00e7\u00e3o, por exemplo, h\u00e1 uma redu\u00e7\u00e3o de 32,83% nas mortes e uma queda de 6,3% na m\u00e9dia de casos confirmados quando se compara com a m\u00e9dia m\u00f3vel de 14 dias anteriores.<\/p>\n<p style=\"font-weight: 400; text-align: justify;\">&#8220;Continuamos monitorando, diariamente, os indicadores e vamos permanecer com\u00a0 transpar\u00eancia. Lembro que, para evitar um novo aumento nos \u00edndices de contamina\u00e7\u00e3o pela Covid-19, dependemos somente de nossas atitudes. O v\u00edrus continua entre n\u00f3s e, para n\u00e3o termos mais casos, maior demanda por interna\u00e7\u00f5es, aumento na ocupa\u00e7\u00e3o hospitalar e mais mortes, cada um precisa fazer sua parte: usando a m\u00e1scara corretamente, lavando as m\u00e3os com frequ\u00eancia, seguindo os protocolos e praticando o distanciamento social&#8221;, frisou o secret\u00e1rio estadual de Sa\u00fade, Andr\u00e9 Longo, durante a coletiva de imprensa online transmitida nesta quinta.<\/p>\n<p style=\"font-weight: 400; text-align: justify;\">De acordo com os dados epidemiol\u00f3gicos, na an\u00e1lise da semana 43 houve queda de 10% nos casos de Srag suspeitos em 15 dias e, na compara\u00e7\u00e3o com se 42, um leve acr\u00e9scimo de 4,5% &#8211; 28 casos a mais. Em rela\u00e7\u00e3o aos \u00f3bitos, houve uma queda de 12,2% comparada a semana 43 com a 41 e de 6,5% com a 42 e as taxas de mortalidade e letalidade est\u00e3o em 0,1 (SE 43) e 0,5 (SE 41). &#8220;Durante o processo de conviv\u00eancia, flutua\u00e7\u00f5es podem acontecer, porque o v\u00edrus continua circulando de forma sustentada no Estado, mas, at\u00e9 agora, essas oscila\u00e7\u00f5es est\u00e3o dentro de um patamar de controle, sem tend\u00eancia clara de aumento ou de uma segunda onda. Desta forma, n\u00e3o podemos tomar medidas pela impress\u00e3o de apenas uma semana. Precisamos ter a configura\u00e7\u00e3o de tend\u00eancia em per\u00edodos maiores. Tamb\u00e9m nunca analisamos um n\u00famero de forma isolada, pois temos um conjunto de indicadores que s\u00e3o avaliados para que possamos melhor compreender a evolu\u00e7\u00e3o da doen\u00e7a&#8221;, destacou Longo.<\/p>\n<p style=\"font-weight: 400; text-align: justify;\">O secret\u00e1rio ainda conclamou para que a popula\u00e7\u00e3o fa\u00e7a a sua parte neste combate ao novo coronav\u00edrus. &#8220;Estamos \u00e0s v\u00e9speras de um novo feriado prolongado. Nos anteriores, tivemos muitas cenas de descumprimento das normas, com pessoas abdicando do uso de m\u00e1scaras e grandes aglomera\u00e7\u00f5es. A recorr\u00eancia de atitudes que propiciam a contamina\u00e7\u00e3o poder\u00e1 trazer consequ\u00eancias negativas&#8221;, disse.<\/p>\n<p style=\"font-weight: 400; text-align: justify;\">Longo ainda comentou sobre os adoecimentos das \u00faltimas semanas: &#8220;Os relatos, nos \u00faltimos dias, de aumento de casos respirat\u00f3rios leves, motivado por diversas doen\u00e7as, nas emerg\u00eancias dos hospitais privados, foram provocados, muito provavelmente, por causa das aglomera\u00e7\u00f5es e falta de cuidado no feriad\u00e3o de 12 de outubro. Por isso, este processo de retomada a uma normalidade poss\u00edvel n\u00e3o pode fazer com que as pessoas baixem a guarda: a falsa sensa\u00e7\u00e3o de que tudo est\u00e1 normal n\u00e3o pode nos trazer o sentimento de que a pandemia acabou. Pelo contr\u00e1rio, para n\u00e3o perder o que conquistamos, precisamos da consci\u00eancia de todos sobre a import\u00e2ncia de usar a m\u00e1scara, de lavar as m\u00e3os e de respeitar o distanciamento social, evitando as aglomera\u00e7\u00f5es&#8221;.<\/p>\n","protected":false},"excerpt":{"rendered":"<p>A partir da pr\u00f3xima ter\u00e7a-feira (03.11), todo o Estado de Pernambuco avan\u00e7ar\u00e1 para a Etapa 11 do Plano de Conviv\u00eancia&hellip;<\/p>\n","protected":false},"author":1,"featured_media":63092,"comment_status":"open","ping_status":"open","sticky":false,"template":"","format":"standard","meta":{"footnotes":""},"categories":[14120],"tags":[2,19532,6,19670,19978],"class_list":["post-63091","post","type-post","status-publish","format-standard","has-post-thumbnail","hentry","category-noticias","tag-blog-do-edvaldo-magalhaes","tag-blog-mais-acessado-e-visualizado-de-caruaru-e-regiao","tag-noticias","tag-novo-coronavirus","tag-novo-normal-todas-as-atividades-economicas-permitidas-com-novos-protocolos-em-pernambuco"],"_links":{"self":[{"href":"https:\/\/blogdoedvaldomagalhaes.com.br\/index.php\/wp-json\/wp\/v2\/posts\/63091","targetHints":{"allow":["GET"]}}],"collection":[{"href":"https:\/\/blogdoedvaldomagalhaes.com.br\/index.php\/wp-json\/wp\/v2\/posts"}],"about":[{"href":"https:\/\/blogdoedvaldomagalhaes.com.br\/index.php\/wp-json\/wp\/v2\/types\/post"}],"author":[{"embeddable":true,"href":"https:\/\/blogdoedvaldomagalhaes.com.br\/index.php\/wp-json\/wp\/v2\/users\/1"}],"replies":[{"embeddable":true,"href":"https:\/\/blogdoedvaldomagalhaes.com.br\/index.php\/wp-json\/wp\/v2\/comments?post=63091"}],"version-history":[{"count":1,"href":"https:\/\/blogdoedvaldomagalhaes.com.br\/index.php\/wp-json\/wp\/v2\/posts\/63091\/revisions"}],"predecessor-version":[{"id":63093,"href":"https:\/\/blogdoedvaldomagalhaes.com.br\/index.php\/wp-json\/wp\/v2\/posts\/63091\/revisions\/63093"}],"wp:featuredmedia":[{"embeddable":true,"href":"https:\/\/blogdoedvaldomagalhaes.com.br\/index.php\/wp-json\/wp\/v2\/media\/63092"}],"wp:attachment":[{"href":"https:\/\/blogdoedvaldomagalhaes.com.br\/index.php\/wp-json\/wp\/v2\/media?parent=63091"}],"wp:term":[{"taxonomy":"category","embeddable":true,"href":"https:\/\/blogdoedvaldomagalhaes.com.br\/index.php\/wp-json\/wp\/v2\/categories?post=63091"},{"taxonomy":"post_tag","embeddable":true,"href":"https:\/\/blogdoedvaldomagalhaes.com.br\/index.php\/wp-json\/wp\/v2\/tags?post=63091"}],"curies":[{"name":"wp","href":"https:\/\/api.w.org\/{rel}","templated":true}]}}