{"id":63088,"date":"2020-10-29T20:14:48","date_gmt":"2020-10-29T23:14:48","guid":{"rendered":"https:\/\/blogdoedvaldomagalhaes.com.br\/?p=63088"},"modified":"2020-10-29T20:14:50","modified_gmt":"2020-10-29T23:14:50","slug":"liberadas-aulas-presenciais-do-ensino-fundamental-e-da-educacao-infantil-na-rede-privada-em-pernambuco","status":"publish","type":"post","link":"https:\/\/blogdoedvaldomagalhaes.com.br\/index.php\/2020\/10\/29\/liberadas-aulas-presenciais-do-ensino-fundamental-e-da-educacao-infantil-na-rede-privada-em-pernambuco\/","title":{"rendered":"Liberadas aulas presenciais do Ensino Fundamental e da Educa\u00e7\u00e3o Infantil na rede privada em Pernambuco"},"content":{"rendered":"<p style=\"font-weight: 400; text-align: justify;\">O Governo de Pernambuco, por meio da Secretaria de Educa\u00e7\u00e3o e Esportes, anunciou nesta quinta-feira (29), durante coletiva de imprensa, a autoriza\u00e7\u00e3o para o in\u00edcio do processo de retomada das aulas presenciais do Ensino Fundamental (Anos Iniciais e Anos Finais) e da Educa\u00e7\u00e3o Infantil. O retorno \u2013 que neste momento contempla apenas as unidades de ensino da Rede Privada \u2013 ser\u00e1 realizado por etapas, come\u00e7ando no dia 10 de novembro com as turmas dos Anos Finais (6\u00ba ao 9\u00ba ano). No dia 17 de novembro, as escolas retomam as aulas dos Anos Iniciais (1\u00ba ao 5\u00ba ano) e, concluindo o processo, no dia 24 de novembro ser\u00e1 a vez dos alunos da Educa\u00e7\u00e3o Infantil retornarem \u00e0s escolas. As aulas do Ensino M\u00e9dio j\u00e1 haviam sido retomadas desde o dia 09 deste m\u00eas.<\/p>\n<p style=\"font-weight: 400; text-align: justify;\">Para o retorno, as institui\u00e7\u00f5es de ensino devem continuar observando todas as normas estabelecidas no protocolo setorial da Educa\u00e7\u00e3o, respeitando regras de distanciamento social, medidas de prote\u00e7\u00e3o e preven\u00e7\u00e3o, bem como o monitoramento e orienta\u00e7\u00f5es e de vigil\u00e2ncia epidemiol\u00f3gica. O protocolo traz pontos importantes como o uso obrigat\u00f3rio de m\u00e1scaras, distanciamento de 1,5 metros em todos os ambientes das escolas, inclusive dos estudantes em sala de aula, lavagem e higieniza\u00e7\u00e3o das m\u00e3os e uso do \u00e1lcool em gel. Al\u00e9m disso, todos que estiverem nas unidades devem ser orientados, monitorados e testados em casos suspeitos, assim como seus contactantes.<\/p>\n<p style=\"font-weight: 400; text-align: justify;\">\u201c\u00c9 importante destacar que esse retorno \u00e9 opcional e, por se tratar de estudantes menores de idade, a decis\u00e3o de voltar \u00e0 escola caber\u00e1 aos pais ou respons\u00e1veis. A retomada feita em etapas \u00e9 importante, pois permite \u00e0s \u00e1reas de sa\u00fade e Educa\u00e7\u00e3o acompanharem o processo. Para a escola tamb\u00e9m \u00e9 relevante, pois pode ir se preparando para receber em etapas e em grupos esses alunos. Com isso, a gente pode avan\u00e7ar n\u00e3o apenas no processo de retomada, mas tamb\u00e9m no cumprimento dos protocolos\u201d, ressaltou o secret\u00e1rio estadual de Educa\u00e7\u00e3o e Esportes, Fred Amancio. O Comit\u00ea de Enfrentamento \u00e0 Covid-19 continuar\u00e1 monitorando os dados da pandemia e, se necess\u00e1rio, poder\u00e1 rever todo esse planejamento.<\/p>\n<p style=\"font-weight: 400; text-align: justify;\">Na Rede P\u00fablica, a retomada das aulas da Educa\u00e7\u00e3o Infantil e do Ensino Fundamental (Anos Finais) segue suspensa. No dia 21 de outubro, as escolas da rede deram in\u00edcio ao processo de retomada das aulas presenciais para as turmas do Ensino M\u00e9dio, com as turmas do 3\u00ba ano. Na \u00faltima ter\u00e7a (27), retornaram as turmas do 2\u00ba ano e no dia 03 de novembro voltam as de 1\u00ba ano, Ensino T\u00e9cnico Concomitante e Subsequente e da Educa\u00e7\u00e3o de Jovens e Adultos.<\/p>\n<p>Imagem: Getty Images.<\/p>\n","protected":false},"excerpt":{"rendered":"<p>O Governo de Pernambuco, por meio da Secretaria de Educa\u00e7\u00e3o e Esportes, anunciou nesta quinta-feira (29), durante coletiva de imprensa,&hellip;<\/p>\n","protected":false},"author":1,"featured_media":63089,"comment_status":"open","ping_status":"open","sticky":false,"template":"","format":"standard","meta":{"footnotes":""},"categories":[14120],"tags":[2,19532,19977,6,19670],"class_list":["post-63088","post","type-post","status-publish","format-standard","has-post-thumbnail","hentry","category-noticias","tag-blog-do-edvaldo-magalhaes","tag-blog-mais-acessado-e-visualizado-de-caruaru-e-regiao","tag-liberadas-aulas-presenciais-do-ensino-fundamental-e-da-educacao-infantil-na-rede-privada-em-pernambuco","tag-noticias","tag-novo-coronavirus"],"_links":{"self":[{"href":"https:\/\/blogdoedvaldomagalhaes.com.br\/index.php\/wp-json\/wp\/v2\/posts\/63088","targetHints":{"allow":["GET"]}}],"collection":[{"href":"https:\/\/blogdoedvaldomagalhaes.com.br\/index.php\/wp-json\/wp\/v2\/posts"}],"about":[{"href":"https:\/\/blogdoedvaldomagalhaes.com.br\/index.php\/wp-json\/wp\/v2\/types\/post"}],"author":[{"embeddable":true,"href":"https:\/\/blogdoedvaldomagalhaes.com.br\/index.php\/wp-json\/wp\/v2\/users\/1"}],"replies":[{"embeddable":true,"href":"https:\/\/blogdoedvaldomagalhaes.com.br\/index.php\/wp-json\/wp\/v2\/comments?post=63088"}],"version-history":[{"count":1,"href":"https:\/\/blogdoedvaldomagalhaes.com.br\/index.php\/wp-json\/wp\/v2\/posts\/63088\/revisions"}],"predecessor-version":[{"id":63090,"href":"https:\/\/blogdoedvaldomagalhaes.com.br\/index.php\/wp-json\/wp\/v2\/posts\/63088\/revisions\/63090"}],"wp:featuredmedia":[{"embeddable":true,"href":"https:\/\/blogdoedvaldomagalhaes.com.br\/index.php\/wp-json\/wp\/v2\/media\/63089"}],"wp:attachment":[{"href":"https:\/\/blogdoedvaldomagalhaes.com.br\/index.php\/wp-json\/wp\/v2\/media?parent=63088"}],"wp:term":[{"taxonomy":"category","embeddable":true,"href":"https:\/\/blogdoedvaldomagalhaes.com.br\/index.php\/wp-json\/wp\/v2\/categories?post=63088"},{"taxonomy":"post_tag","embeddable":true,"href":"https:\/\/blogdoedvaldomagalhaes.com.br\/index.php\/wp-json\/wp\/v2\/tags?post=63088"}],"curies":[{"name":"wp","href":"https:\/\/api.w.org\/{rel}","templated":true}]}}