{"id":63079,"date":"2020-10-29T19:07:58","date_gmt":"2020-10-29T22:07:58","guid":{"rendered":"https:\/\/blogdoedvaldomagalhaes.com.br\/?p=63079"},"modified":"2020-10-29T19:07:59","modified_gmt":"2020-10-29T22:07:59","slug":"caruaru-registra-36-novos-casos-de-covid-19-e-nenhuma-morte","status":"publish","type":"post","link":"https:\/\/blogdoedvaldomagalhaes.com.br\/index.php\/2020\/10\/29\/caruaru-registra-36-novos-casos-de-covid-19-e-nenhuma-morte\/","title":{"rendered":"Caruaru registra 36 novos casos de covid-19 e nenhuma morte"},"content":{"rendered":"<p style=\"text-align: justify;\"><span style=\"font-size: inherit;\">A Secretaria de Sa\u00fade de Caruaru informa que registrou 36 novos casos de covid-19, e at\u00e9 esta quinta (29) 94,64% dos pacientes j\u00e1 se recuperaram do novo coronav\u00edrus.<\/span><\/p>\n<p style=\"text-align: justify;\">O n\u00famero de testes realizados subiu para 28.477 dos quais 10.184 foram atrav\u00e9s do teste molecular e 18.293 do teste r\u00e1pido, com 9.710 confirma\u00e7\u00f5es para \u00e0 Covid-19.<\/p>\n<p style=\"text-align: justify;\">O n\u00famero de casos descartados subiu para 18.451.<\/p>\n<p style=\"text-align: justify;\">Tamb\u00e9m j\u00e1 foram registrados 38.022 casos de s\u00edndrome gripal, dos quais 1.520 foram orientados a ficar em isolamento domiciliar.<\/p>\n\n\n<figure class=\"wp-block-image size-large\"><img loading=\"lazy\" decoding=\"async\" width=\"1024\" height=\"1024\" src=\"https:\/\/blogdoedvaldomagalhaes.com.br\/wp-content\/uploads\/2020\/10\/IMG-20201029-WA0175-1024x1024.jpg\" alt=\"\" class=\"wp-image-63080\" srcset=\"https:\/\/blogdoedvaldomagalhaes.com.br\/wp-content\/uploads\/2020\/10\/IMG-20201029-WA0175-1024x1024.jpg 1024w, https:\/\/blogdoedvaldomagalhaes.com.br\/wp-content\/uploads\/2020\/10\/IMG-20201029-WA0175-300x300.jpg 300w, https:\/\/blogdoedvaldomagalhaes.com.br\/wp-content\/uploads\/2020\/10\/IMG-20201029-WA0175-150x150.jpg 150w, https:\/\/blogdoedvaldomagalhaes.com.br\/wp-content\/uploads\/2020\/10\/IMG-20201029-WA0175-768x768.jpg 768w, https:\/\/blogdoedvaldomagalhaes.com.br\/wp-content\/uploads\/2020\/10\/IMG-20201029-WA0175.jpg 1280w\" sizes=\"auto, (max-width: 1024px) 100vw, 1024px\" \/><\/figure>\n","protected":false},"excerpt":{"rendered":"<p>A Secretaria de Sa\u00fade de Caruaru informa que registrou 36 novos casos de covid-19, e at\u00e9 esta quinta (29) 94,64%&hellip;<\/p>\n","protected":false},"author":1,"featured_media":63081,"comment_status":"open","ping_status":"open","sticky":false,"template":"","format":"standard","meta":{"footnotes":""},"categories":[14120],"tags":[2,19532,19975,1950,19670],"class_list":["post-63079","post","type-post","status-publish","format-standard","has-post-thumbnail","hentry","category-noticias","tag-blog-do-edvaldo-magalhaes","tag-blog-mais-acessado-e-visualizado-de-caruaru-e-regiao","tag-caruaru-registra-36-novos-casos-de-covid-19-e-nenhuma-morte","tag-noticias-de-caruaru","tag-novo-coronavirus"],"_links":{"self":[{"href":"https:\/\/blogdoedvaldomagalhaes.com.br\/index.php\/wp-json\/wp\/v2\/posts\/63079","targetHints":{"allow":["GET"]}}],"collection":[{"href":"https:\/\/blogdoedvaldomagalhaes.com.br\/index.php\/wp-json\/wp\/v2\/posts"}],"about":[{"href":"https:\/\/blogdoedvaldomagalhaes.com.br\/index.php\/wp-json\/wp\/v2\/types\/post"}],"author":[{"embeddable":true,"href":"https:\/\/blogdoedvaldomagalhaes.com.br\/index.php\/wp-json\/wp\/v2\/users\/1"}],"replies":[{"embeddable":true,"href":"https:\/\/blogdoedvaldomagalhaes.com.br\/index.php\/wp-json\/wp\/v2\/comments?post=63079"}],"version-history":[{"count":1,"href":"https:\/\/blogdoedvaldomagalhaes.com.br\/index.php\/wp-json\/wp\/v2\/posts\/63079\/revisions"}],"predecessor-version":[{"id":63082,"href":"https:\/\/blogdoedvaldomagalhaes.com.br\/index.php\/wp-json\/wp\/v2\/posts\/63079\/revisions\/63082"}],"wp:featuredmedia":[{"embeddable":true,"href":"https:\/\/blogdoedvaldomagalhaes.com.br\/index.php\/wp-json\/wp\/v2\/media\/63081"}],"wp:attachment":[{"href":"https:\/\/blogdoedvaldomagalhaes.com.br\/index.php\/wp-json\/wp\/v2\/media?parent=63079"}],"wp:term":[{"taxonomy":"category","embeddable":true,"href":"https:\/\/blogdoedvaldomagalhaes.com.br\/index.php\/wp-json\/wp\/v2\/categories?post=63079"},{"taxonomy":"post_tag","embeddable":true,"href":"https:\/\/blogdoedvaldomagalhaes.com.br\/index.php\/wp-json\/wp\/v2\/tags?post=63079"}],"curies":[{"name":"wp","href":"https:\/\/api.w.org\/{rel}","templated":true}]}}