{"id":63073,"date":"2020-10-29T17:43:50","date_gmt":"2020-10-29T20:43:50","guid":{"rendered":"https:\/\/blogdoedvaldomagalhaes.com.br\/?p=63073"},"modified":"2020-10-29T17:43:51","modified_gmt":"2020-10-29T20:43:51","slug":"prf-detem-suspeitos-de-assalto-e-liberta-refens-na-br-101-em-pernambuco","status":"publish","type":"post","link":"https:\/\/blogdoedvaldomagalhaes.com.br\/index.php\/2020\/10\/29\/prf-detem-suspeitos-de-assalto-e-liberta-refens-na-br-101-em-pernambuco\/","title":{"rendered":"PRF det\u00e9m suspeitos de assalto e liberta ref\u00e9ns na BR 101 em Pernambuco"},"content":{"rendered":"<p style=\"text-align: justify;\"><span style=\"font-size: inherit;\">Tr\u00eas homens suspeitos de roubar um caminh\u00e3o e fazer ref\u00e9ns foram detidos nesta quinta-feira (29), pela Pol\u00edcia Rodovi\u00e1ria Federal (PRF), na BR 101, no Cabo de Santo Agostinho, na Regi\u00e3o Metropolitana do Recife. Uma r\u00e9plica de pistola e dois ve\u00edculos roubados foram apreendidos na a\u00e7\u00e3o.<\/span><\/p>\n<p style=\"text-align: justify;\">Policiais do Grupo de Patrulhamento T\u00e1tico da PRF realizavam uma fiscaliza\u00e7\u00e3o no Km 95 da rodovia, quando deram ordem de parada ao motorista de um carro, que desobedeceu e fugiu em alta velocidade. Ap\u00f3s dirigir por cinco quil\u00f4metros efetuando manobras perigosas, o motorista perdeu o controle do ve\u00edculo e parou no canteiro central.<\/p>\n<p style=\"text-align: justify;\">Dentro do carro havia seis pessoas, sendo tr\u00eas suspeitos e tr\u00eas v\u00edtimas do assalto. Com o trio foi apreendido uma r\u00e9plica de pistola e foi descoberto que o autom\u00f3vel havia sido roubado no dia 4 de setembro deste ano, em Moreno, no Grande Recife.<\/p>\n<p style=\"text-align: justify;\">As v\u00edtimas informaram que foram abordadas no Km 117 da BR 101, em Ipojuca, e obrigadas a entrar no carro com os assaltantes. O caminh\u00e3o foi recuperado no Km 84 da rodovia, em Jaboat\u00e3o dos Guararapes.<\/p>\n<p style=\"text-align: justify;\">Os suspeitos de assalto foram detidos e encaminhados \u00e0 Delegacia de Pol\u00edcia Civil do Cabo de Santo Agostinho, junto com o simulacro e os ve\u00edculos recuperados.<\/p>\n\n\n<figure class=\"wp-block-image size-large\"><img loading=\"lazy\" decoding=\"async\" width=\"1024\" height=\"576\" src=\"https:\/\/blogdoedvaldomagalhaes.com.br\/wp-content\/uploads\/2020\/10\/IMG-20201029-WA0142-1024x576.jpg\" alt=\"\" class=\"wp-image-63075\" srcset=\"https:\/\/blogdoedvaldomagalhaes.com.br\/wp-content\/uploads\/2020\/10\/IMG-20201029-WA0142-1024x576.jpg 1024w, https:\/\/blogdoedvaldomagalhaes.com.br\/wp-content\/uploads\/2020\/10\/IMG-20201029-WA0142-300x169.jpg 300w, https:\/\/blogdoedvaldomagalhaes.com.br\/wp-content\/uploads\/2020\/10\/IMG-20201029-WA0142-768x432.jpg 768w, https:\/\/blogdoedvaldomagalhaes.com.br\/wp-content\/uploads\/2020\/10\/IMG-20201029-WA0142-1140x641.jpg 1140w, https:\/\/blogdoedvaldomagalhaes.com.br\/wp-content\/uploads\/2020\/10\/IMG-20201029-WA0142-720x405.jpg 720w, https:\/\/blogdoedvaldomagalhaes.com.br\/wp-content\/uploads\/2020\/10\/IMG-20201029-WA0142.jpg 1280w\" sizes=\"auto, (max-width: 1024px) 100vw, 1024px\" \/><figcaption>Fotos: PRF\/Divulga\u00e7\u00e3o<\/figcaption><\/figure>\n","protected":false},"excerpt":{"rendered":"<p>Tr\u00eas homens suspeitos de roubar um caminh\u00e3o e fazer ref\u00e9ns foram detidos nesta quinta-feira (29), pela Pol\u00edcia Rodovi\u00e1ria Federal (PRF),&hellip;<\/p>\n","protected":false},"author":1,"featured_media":63074,"comment_status":"open","ping_status":"open","sticky":false,"template":"","format":"standard","meta":{"footnotes":""},"categories":[14121],"tags":[2,19532,6,19974],"class_list":["post-63073","post","type-post","status-publish","format-standard","has-post-thumbnail","hentry","category-policial","tag-blog-do-edvaldo-magalhaes","tag-blog-mais-acessado-e-visualizado-de-caruaru-e-regiao","tag-noticias","tag-prf-detem-suspeitos-de-assalto-e-liberta-refens-na-br-101-em-pernambuco"],"_links":{"self":[{"href":"https:\/\/blogdoedvaldomagalhaes.com.br\/index.php\/wp-json\/wp\/v2\/posts\/63073","targetHints":{"allow":["GET"]}}],"collection":[{"href":"https:\/\/blogdoedvaldomagalhaes.com.br\/index.php\/wp-json\/wp\/v2\/posts"}],"about":[{"href":"https:\/\/blogdoedvaldomagalhaes.com.br\/index.php\/wp-json\/wp\/v2\/types\/post"}],"author":[{"embeddable":true,"href":"https:\/\/blogdoedvaldomagalhaes.com.br\/index.php\/wp-json\/wp\/v2\/users\/1"}],"replies":[{"embeddable":true,"href":"https:\/\/blogdoedvaldomagalhaes.com.br\/index.php\/wp-json\/wp\/v2\/comments?post=63073"}],"version-history":[{"count":1,"href":"https:\/\/blogdoedvaldomagalhaes.com.br\/index.php\/wp-json\/wp\/v2\/posts\/63073\/revisions"}],"predecessor-version":[{"id":63076,"href":"https:\/\/blogdoedvaldomagalhaes.com.br\/index.php\/wp-json\/wp\/v2\/posts\/63073\/revisions\/63076"}],"wp:featuredmedia":[{"embeddable":true,"href":"https:\/\/blogdoedvaldomagalhaes.com.br\/index.php\/wp-json\/wp\/v2\/media\/63074"}],"wp:attachment":[{"href":"https:\/\/blogdoedvaldomagalhaes.com.br\/index.php\/wp-json\/wp\/v2\/media?parent=63073"}],"wp:term":[{"taxonomy":"category","embeddable":true,"href":"https:\/\/blogdoedvaldomagalhaes.com.br\/index.php\/wp-json\/wp\/v2\/categories?post=63073"},{"taxonomy":"post_tag","embeddable":true,"href":"https:\/\/blogdoedvaldomagalhaes.com.br\/index.php\/wp-json\/wp\/v2\/tags?post=63073"}],"curies":[{"name":"wp","href":"https:\/\/api.w.org\/{rel}","templated":true}]}}