{"id":63027,"date":"2020-10-28T13:38:36","date_gmt":"2020-10-28T16:38:36","guid":{"rendered":"https:\/\/blogdoedvaldomagalhaes.com.br\/?p=63027"},"modified":"2020-10-28T13:38:37","modified_gmt":"2020-10-28T16:38:37","slug":"coqueluche-aumenta-27-em-pernambuco-vacinacao-e-a-unica-medida-para-estimular-imunidade-contra-a-enfermidade-respiratoria","status":"publish","type":"post","link":"https:\/\/blogdoedvaldomagalhaes.com.br\/index.php\/2020\/10\/28\/coqueluche-aumenta-27-em-pernambuco-vacinacao-e-a-unica-medida-para-estimular-imunidade-contra-a-enfermidade-respiratoria\/","title":{"rendered":"Coqueluche aumenta 27% em Pernambuco; Vacina\u00e7\u00e3o \u00e9 a \u00fanica medida para estimular imunidade contra a enfermidade respirat\u00f3ria"},"content":{"rendered":"<p style=\"text-align: justify;\"><span style=\"font-family: verdana, sans-serif;\">A coqueluche, doen\u00e7a infecciosa aguda de transmiss\u00e3o respirat\u00f3ria causada pela bact\u00e9ria\u00a0<i>Bordetella pertussis<\/i>\u00a0e que acomete em sua maioria crian\u00e7as menores de um ano de idade, apresentou aumento de 27% nos casos confirmados em Pernambuco. Enquanto no ano de 2018 foram registradas 405 ocorr\u00eancias; em 2019 foram 517 confirma\u00e7\u00f5es. Do total de casos para 2019, 276 ocorreram em beb\u00eas menores de 1 ano, o que corresponde a 53% das confirma\u00e7\u00f5es. Crian\u00e7as entre 1 e 4 anos de idade correspondem \u00e0 segunda faixa et\u00e1ria mais acometida pela doen\u00e7a, com 118 confirma\u00e7\u00f5es.<\/p>\n<p>Para estimular a imunidade \u00e0 doen\u00e7a, a medida de preven\u00e7\u00e3o mais eficaz ainda \u00e9 a vacina\u00e7\u00e3o. Para isso, a crian\u00e7a deve seguir o esquema vacinal infantil e ter as aplica\u00e7\u00f5es do imunizante garantidas. A pentavalente, que protege contra difteria, t\u00e9tano, coqueluche,\u00a0<i>Haemophilus influenzae<\/i>\u00a0do tipo b e hepatite B, deve ser feita em tr\u00eas doses, aos dois, quatro e seis meses de vida. O 1\u00ba refor\u00e7o deve acontecer com a vacina tr\u00edplice bacteriana (DTP), que protege contra difteria, t\u00e9tano e coqueluche \u2013 aos 15 meses de vida &#8211; e o 2\u00ba refor\u00e7o, para que se complete a imuniza\u00e7\u00e3o, aos 4 anos de idade.<\/p>\n<p>&#8220;A imunidade adquirida pela doen\u00e7a por meio da vacina \u00e9 duradoura, mas n\u00e3o \u00e9 permanente. Assim, crian\u00e7as maiores, jovens e adolescentes, al\u00e9m dos adultos, tamb\u00e9m podem adoecer e transmitir a doen\u00e7a para crian\u00e7as menores de um ano, que desenvolvem a forma mais grave, por isso a import\u00e2ncia de garantir as doses para evitar o adoecimento do p\u00fablico infantil, sempre mais vulner\u00e1vel. Infelizmente, \u00e9 uma doen\u00e7a grave que acomete os pequenos de forma mais intensa&#8221;, afirma a m\u00e9dica infectologista do Hospital Universit\u00e1rio Oswaldo Cruz (HUOC), Analiria Pimentel. A vacina pode garantir imuniza\u00e7\u00e3o de 5 a 10 anos ap\u00f3s a \u00faltima dose.<\/p>\n<p>Os sintomas se apresentam em tr\u00eas fases sucessivas. A primeira pode durar\u00a0at\u00e9 duas semanas e inicia-se com manifesta\u00e7\u00f5es respirat\u00f3rias e sintomas leves (febre pouco intensa, mal estar geral, coriza e tosse seca), seguido por surtos de tosse, cada vez mais intensos e frequentes. Na\u00a0segunda fase, geralmente afebril ou com febre baixa, h\u00e1 crises de tosse s\u00fabita e incontrol\u00e1vel, r\u00e1pida e curta. Durante esses acessos, o paciente n\u00e3o consegue inspirar, apresenta congest\u00e3o facial e, eventualmente,\u00a0pele azulada, que pode ser seguida de apneia e v\u00f4mito, podendo durar de\u00a02 a 6 semanas. A \u00faltima fase, da convalescen\u00e7a, os surtos de tosse desaparecem e d\u00e3o lugar a epis\u00f3dios de tosse comum e pode se prolongar at\u00e9 3 meses.<\/span><\/p>\n<div style=\"text-align: justify;\"><span style=\"font-family: verdana, sans-serif;\">\u00a0<\/span><\/div>\n<div style=\"text-align: justify;\"><span style=\"font-family: verdana, sans-serif;\"><b>GR\u00c1VIDAS\u00a0<\/b>&#8211; A vacina contra coqueluche tamb\u00e9m \u00e9 gratuita para as gestantes nos postos de sa\u00fade. \u00c9 recomendada a cada gesta\u00e7\u00e3o, a administra\u00e7\u00e3o de 1 dose de dTpa (difteria, t\u00e9tano e coqueluche acelular) a partir da 20\u00aa semana de gesta\u00e7\u00e3o.<\/span><\/div>\n<div><\/div>\n<div>Foto: Divulga\u00e7\u00e3o.<\/div>\n","protected":false},"excerpt":{"rendered":"<p>A coqueluche, doen\u00e7a infecciosa aguda de transmiss\u00e3o respirat\u00f3ria causada pela bact\u00e9ria\u00a0Bordetella pertussis\u00a0e que acomete em sua maioria crian\u00e7as menores de&hellip;<\/p>\n","protected":false},"author":1,"featured_media":63028,"comment_status":"open","ping_status":"open","sticky":false,"template":"","format":"standard","meta":{"footnotes":""},"categories":[14120],"tags":[2,19532,19958],"class_list":["post-63027","post","type-post","status-publish","format-standard","has-post-thumbnail","hentry","category-noticias","tag-blog-do-edvaldo-magalhaes","tag-blog-mais-acessado-e-visualizado-de-caruaru-e-regiao","tag-coqueluche-aumenta-27-em-pernambuco-vacinacao-e-a-unica-medida-para-estimular-imunidade-contra-a-enfermidade-respiratoria"],"_links":{"self":[{"href":"https:\/\/blogdoedvaldomagalhaes.com.br\/index.php\/wp-json\/wp\/v2\/posts\/63027","targetHints":{"allow":["GET"]}}],"collection":[{"href":"https:\/\/blogdoedvaldomagalhaes.com.br\/index.php\/wp-json\/wp\/v2\/posts"}],"about":[{"href":"https:\/\/blogdoedvaldomagalhaes.com.br\/index.php\/wp-json\/wp\/v2\/types\/post"}],"author":[{"embeddable":true,"href":"https:\/\/blogdoedvaldomagalhaes.com.br\/index.php\/wp-json\/wp\/v2\/users\/1"}],"replies":[{"embeddable":true,"href":"https:\/\/blogdoedvaldomagalhaes.com.br\/index.php\/wp-json\/wp\/v2\/comments?post=63027"}],"version-history":[{"count":1,"href":"https:\/\/blogdoedvaldomagalhaes.com.br\/index.php\/wp-json\/wp\/v2\/posts\/63027\/revisions"}],"predecessor-version":[{"id":63029,"href":"https:\/\/blogdoedvaldomagalhaes.com.br\/index.php\/wp-json\/wp\/v2\/posts\/63027\/revisions\/63029"}],"wp:featuredmedia":[{"embeddable":true,"href":"https:\/\/blogdoedvaldomagalhaes.com.br\/index.php\/wp-json\/wp\/v2\/media\/63028"}],"wp:attachment":[{"href":"https:\/\/blogdoedvaldomagalhaes.com.br\/index.php\/wp-json\/wp\/v2\/media?parent=63027"}],"wp:term":[{"taxonomy":"category","embeddable":true,"href":"https:\/\/blogdoedvaldomagalhaes.com.br\/index.php\/wp-json\/wp\/v2\/categories?post=63027"},{"taxonomy":"post_tag","embeddable":true,"href":"https:\/\/blogdoedvaldomagalhaes.com.br\/index.php\/wp-json\/wp\/v2\/tags?post=63027"}],"curies":[{"name":"wp","href":"https:\/\/api.w.org\/{rel}","templated":true}]}}