{"id":63021,"date":"2020-10-28T11:44:49","date_gmt":"2020-10-28T14:44:49","guid":{"rendered":"https:\/\/blogdoedvaldomagalhaes.com.br\/?p=63021"},"modified":"2020-10-29T10:00:18","modified_gmt":"2020-10-29T13:00:18","slug":"operacao-mandacaru-reforca-seguranca-na-br-104-em-caruaru-com-foco-em-carros-e-motos-irregulares","status":"publish","type":"post","link":"https:\/\/blogdoedvaldomagalhaes.com.br\/index.php\/2020\/10\/28\/operacao-mandacaru-reforca-seguranca-na-br-104-em-caruaru-com-foco-em-carros-e-motos-irregulares\/","title":{"rendered":"Opera\u00e7\u00e3o Mandacaru refor\u00e7a seguran\u00e7a na BR 104 em Caruaru com foco em carros e motos irregulares"},"content":{"rendered":"<p style=\"text-align: justify;\"><span style=\"font-size: inherit;\">Uma opera\u00e7\u00e3o integrada de seguran\u00e7a vi\u00e1ria e combate ao crime est\u00e1 sendo realizada nesta quarta-feira (28), na BR 104, em Caruaru, no Agreste de Pernambuco. Intitulada de Mandacaru, a iniciativa re\u00fane equipes do 1\u00b0 Batalh\u00e3o Integrado Especializado(BIEsp), do 4\u00b0 Batalh\u00e3o de Pol\u00edcia Militar (BPM), do Batalh\u00e3o de Pol\u00edcia Rodovi\u00e1ria (BPRv), do Esquadr\u00e3o de Pol\u00edcia Montada e da Pol\u00edcia Rodovi\u00e1ria Federal(PRF).<\/span><\/p>\n<p style=\"text-align: justify;\">Com o objetivo de intensificar as a\u00e7\u00f5es de policiamento e fiscaliza\u00e7\u00e3o, est\u00e3o sendo realizadas abordagens principalmente a autom\u00f3veis e motocicletas, que s\u00e3o os principais ve\u00edculos envolvidos em acidentes na regi\u00e3o. No decorrer da fiscaliza\u00e7\u00e3o, s\u00e3o verificados a documenta\u00e7\u00e3o dos ocupantes e do ve\u00edculo, o uso do cinto de seguran\u00e7a ou do capacete e o estado de conserva\u00e7\u00e3o dos pneus.<\/p>\n<p style=\"text-align: justify;\">Em uma das abordagens realizada pelo Grupo de Fiscaliza\u00e7\u00e3o de Tr\u00e2nsito e Transporte, foi recolhido um carro com R$7.496,78 em d\u00e9bitos. O \u00faltimo licenciamento emitido para o ve\u00edculo era de 2017, al\u00e9m de possuir quatro multas em aberto.<\/p>\n\n\n<figure class=\"wp-block-image size-large\"><img loading=\"lazy\" decoding=\"async\" width=\"1024\" height=\"587\" src=\"https:\/\/blogdoedvaldomagalhaes.com.br\/wp-content\/uploads\/2020\/10\/IMG-20201028-WA0079-1024x587.jpg\" alt=\"\" class=\"wp-image-63025\" srcset=\"https:\/\/blogdoedvaldomagalhaes.com.br\/wp-content\/uploads\/2020\/10\/IMG-20201028-WA0079-1024x587.jpg 1024w, https:\/\/blogdoedvaldomagalhaes.com.br\/wp-content\/uploads\/2020\/10\/IMG-20201028-WA0079-300x172.jpg 300w, https:\/\/blogdoedvaldomagalhaes.com.br\/wp-content\/uploads\/2020\/10\/IMG-20201028-WA0079-768x441.jpg 768w, https:\/\/blogdoedvaldomagalhaes.com.br\/wp-content\/uploads\/2020\/10\/IMG-20201028-WA0079.jpg 1250w\" sizes=\"auto, (max-width: 1024px) 100vw, 1024px\" \/><figcaption>Fotos: PRF\/Divulga\u00e7\u00e3o<\/figcaption><\/figure>\n","protected":false},"excerpt":{"rendered":"<p>Uma opera\u00e7\u00e3o integrada de seguran\u00e7a vi\u00e1ria e combate ao crime est\u00e1 sendo realizada nesta quarta-feira (28), na BR 104, em&hellip;<\/p>\n","protected":false},"author":1,"featured_media":63022,"comment_status":"open","ping_status":"open","sticky":false,"template":"","format":"standard","meta":{"footnotes":""},"categories":[14121],"tags":[2,19532,1950,19957],"class_list":["post-63021","post","type-post","status-publish","format-standard","has-post-thumbnail","hentry","category-policial","tag-blog-do-edvaldo-magalhaes","tag-blog-mais-acessado-e-visualizado-de-caruaru-e-regiao","tag-noticias-de-caruaru","tag-operacao-mandacaru-reforca-seguranca-na-br-104-em-caruaru-com-foco-em-carros-e-motos-irregulares"],"_links":{"self":[{"href":"https:\/\/blogdoedvaldomagalhaes.com.br\/index.php\/wp-json\/wp\/v2\/posts\/63021","targetHints":{"allow":["GET"]}}],"collection":[{"href":"https:\/\/blogdoedvaldomagalhaes.com.br\/index.php\/wp-json\/wp\/v2\/posts"}],"about":[{"href":"https:\/\/blogdoedvaldomagalhaes.com.br\/index.php\/wp-json\/wp\/v2\/types\/post"}],"author":[{"embeddable":true,"href":"https:\/\/blogdoedvaldomagalhaes.com.br\/index.php\/wp-json\/wp\/v2\/users\/1"}],"replies":[{"embeddable":true,"href":"https:\/\/blogdoedvaldomagalhaes.com.br\/index.php\/wp-json\/wp\/v2\/comments?post=63021"}],"version-history":[{"count":3,"href":"https:\/\/blogdoedvaldomagalhaes.com.br\/index.php\/wp-json\/wp\/v2\/posts\/63021\/revisions"}],"predecessor-version":[{"id":63026,"href":"https:\/\/blogdoedvaldomagalhaes.com.br\/index.php\/wp-json\/wp\/v2\/posts\/63021\/revisions\/63026"}],"wp:featuredmedia":[{"embeddable":true,"href":"https:\/\/blogdoedvaldomagalhaes.com.br\/index.php\/wp-json\/wp\/v2\/media\/63022"}],"wp:attachment":[{"href":"https:\/\/blogdoedvaldomagalhaes.com.br\/index.php\/wp-json\/wp\/v2\/media?parent=63021"}],"wp:term":[{"taxonomy":"category","embeddable":true,"href":"https:\/\/blogdoedvaldomagalhaes.com.br\/index.php\/wp-json\/wp\/v2\/categories?post=63021"},{"taxonomy":"post_tag","embeddable":true,"href":"https:\/\/blogdoedvaldomagalhaes.com.br\/index.php\/wp-json\/wp\/v2\/tags?post=63021"}],"curies":[{"name":"wp","href":"https:\/\/api.w.org\/{rel}","templated":true}]}}