{"id":63016,"date":"2020-10-27T22:08:30","date_gmt":"2020-10-28T01:08:30","guid":{"rendered":"https:\/\/blogdoedvaldomagalhaes.com.br\/?p=63016"},"modified":"2020-10-27T22:08:32","modified_gmt":"2020-10-28T01:08:32","slug":"pernambuco-registra-878-novos-casos-de-covid-19-e-rede-publica-estadual-tem-ocupacao-media-de-59","status":"publish","type":"post","link":"https:\/\/blogdoedvaldomagalhaes.com.br\/index.php\/2020\/10\/27\/pernambuco-registra-878-novos-casos-de-covid-19-e-rede-publica-estadual-tem-ocupacao-media-de-59\/","title":{"rendered":"Pernambuco registra 878 novos casos de covid-19 e rede p\u00fablica estadual tem ocupa\u00e7\u00e3o m\u00e9dia de 59%"},"content":{"rendered":"<p style=\"text-align: justify;\">A Secretaria Estadual de Sa\u00fade (SES-PE) registrou, nesta ter\u00e7a-feira (27\/10), 878 novos casos da Covid-19. Entre os confirmados hoje, 18 (2%) s\u00e3o casos de S\u00edndrome Respirat\u00f3ria Aguda Grave (SRAG) e 860 (98%) s\u00e3o leves. Agora, Pernambuco totaliza 160.354 casos confirmados da doen\u00e7a, sendo 26.938 graves e 133.416 leves, que est\u00e3o distribu\u00eddos por todos os 184 munic\u00edpios pernambucanos, al\u00e9m do arquip\u00e9lago de Fernando de Noronha.<\/p>\n<p>Al\u00e9m disso, o boletim registra um total de 142.674 pacientes recuperados da doen\u00e7a. Destes, 17.209 eram pacientes graves, que necessitaram de internamento hospitalar, e 125.465 eram casos leves.<\/p>\n<p>Tamb\u00e9m foram confirmados laboratorialmente 11 novos \u00f3bitos (7 masculinos e 4 femininos), ocorridos desde o dia 03 de outubro. As novas mortes s\u00e3o de pessoas residentes dos munic\u00edpios de Araripina (1), Jaboat\u00e3o dos Guararapes (2), Moreno (1), Olinda (2), Pedra (1), S\u00e3o Joaquim do Monte (1), Sert\u00e2nia (1), Tracunha\u00e9m (1) e Venturosa (1).. Com isso, o Estado totaliza 8.575 mortes pela doen\u00e7a.<\/p>\n<p>Do total de mortes do informe de hoje, tr\u00eas ocorreram nos \u00faltimos tr\u00eas dias, sendo uma na segunda (26\/10) e duas no domingo (25\/10). Outros oito registros ocorreram entre os dias 03\/10 e 23\/10.<\/p>\n<p>Os pacientes tinham idades entre 33 e 89 anos. As faixas et\u00e1rias s\u00e3o: 30 a 39 (2), 60 a 69 (3), 70 a 79 (4) e 80 ou mais (2). Do total, 9 pacientes apresentavam doen\u00e7as pr\u00e9-existentes: doen\u00e7a cardiovascular (7), diabetes (4), doen\u00e7a renal (3), hipertens\u00e3o (2), c\u00e2ncer (1), doen\u00e7a hep\u00e1tica (1) etilismo (1) &#8211; um paciente pode ter mais de uma comorbidade. Dois casos est\u00e3o em investiga\u00e7\u00e3o.<\/p>\n<p>Com rela\u00e7\u00e3o \u00e0 testagem dos profissionais de sa\u00fade com sintomas de gripe, em Pernambuco, at\u00e9 agora, 22.225 casos foram confirmados e 38.034 descartados. As testagens entre os trabalhadores do setor abrangem os profissionais de todas as unidades de sa\u00fade, sejam da rede p\u00fablica (estadual e municipal) ou privada. O Governo de Pernambuco foi o primeiro do pa\u00eds a criar um protocolo para testar e afastar os profissionais da \u00e1rea da sa\u00fade com sintomas gripais.<\/p>\n<p><b>OCUPA\u00c7\u00c3O DE LEITOS &#8211;\u00a0<\/b>O secret\u00e1rio estadual de Sa\u00fade, Andr\u00e9 Longo, participou, na manh\u00e3 desta ter\u00e7a (27), de reuni\u00e3o com representantes do Sindicato dos Hospitais, Cl\u00ednicas, Casas de Sa\u00fade e Laborat\u00f3rios de Pesquisas e An\u00e1lises Cl\u00ednicas do Estado de Pernambuco (Sindhospe), al\u00e9m da Federa\u00e7\u00e3o de Hospitais Filantr\u00f3picos, para tratar da atual demanda de pacientes suspeitos e confirmados da Covid-19 nos servi\u00e7os pernambucanos. Atualmente, a rede p\u00fablica estadual possui uma ocupa\u00e7\u00e3o m\u00e9dia de 59%, mantendo uma tend\u00eancia de estabilidade desde o pico da pandemia.<\/p>\n<p>O Sindhospe tamb\u00e9m refor\u00e7ou que os servi\u00e7os particulares est\u00e3o operando dentro da normalidade, inclusive com desmobiliza\u00e7\u00e3o de leitos para o novo coronav\u00edrus e a retomada da assist\u00eancia das outras patologias que ficaram reprimidas no per\u00edodo mais cr\u00edtico do isolamento social. O Sindicato ratificou que, diferente do que vem circulando em mensagens nas m\u00eddias sociais, n\u00e3o houve superlota\u00e7\u00e3o dos leitos hospitalares.<\/p>\n<p>De acordo com os dados enviados pelas unidades, hoje, s\u00e3o 132 leitos de enfermaria nos servi\u00e7os privados, com uma taxa de ocupa\u00e7\u00e3o de 21%. Em rela\u00e7\u00e3o \u00e0 UTI, s\u00e3o 202 vagas, 74% delas ocupadas. O secret\u00e1rio Andr\u00e9 Longo aproveitou para solicitar ao Sindhospe para que as unidades particulares mantenham a Central de Regula\u00e7\u00e3o do Estado atualizada sobre as vagas disponibilizadas para os casos suspeitos e confirmados da Covid-19 e as respectivas taxas de ocupa\u00e7\u00e3o.<\/p>\n<p>Os representantes das unidades hospitalares informaram um aumento de pessoas nas emerg\u00eancias com sintomas gripais leves na \u00faltima semana, mas sem nenhuma consolida\u00e7\u00e3o estat\u00edstica para que se possa dizer que est\u00e1 havendo uma segunda onda ou um aumento significativo de casos. &#8220;Com a reabertura das atividades econ\u00f4micas e o retorno da intensa circula\u00e7\u00e3o de pessoas, alguns servi\u00e7os da rede privada nos relataram uma maior procura de pacientes com quadros respirat\u00f3rios leves na \u00faltima semana, o que pode ser impacto, inclusive, da falta de cuidados da popula\u00e7\u00e3o durante o feriado do dia 12 de outubro&#8221;, disse o secret\u00e1rio Andr\u00e9 Longo. O gestor lembrou que, diferente do in\u00edcio da pandemia, quando a indica\u00e7\u00e3o era que os casos leves permanecessem em casa, agora, a popula\u00e7\u00e3o est\u00e1 procurando mais a rede ao surgirem os primeiros sinais sugestivos da doen\u00e7a. &#8220;No entanto, essa procura se deve pelos mais diversos quadros e n\u00e3o necessariamente da Covid-19, j\u00e1 que h\u00e1 uma s\u00e9rie de outras doen\u00e7as que continuam circulando e provocam sintomatologia semelhante&#8221;, pontuou.<\/p>\n<p>De acordo com as an\u00e1lises epidemiol\u00f3gicas das \u00faltimas semanas, observa-se um leve aumento de 1,1% nas suspeitas de casos leves nos \u00faltimos 15 dias. \u00a0&#8220;Durante o processo de conviv\u00eancia com a doen\u00e7a, flutua\u00e7\u00f5es podem acontecer, mas, at\u00e9 agora, essas oscila\u00e7\u00f5es est\u00e3o dentro de um patamar esperado, sem configurar tend\u00eancia clara de aumento, ou de recrudescimento, ou de uma segunda onda da Covid-19. Ao mesmo tempo, tamb\u00e9m temos uma queda sucessiva nos casos leves efetivamente confirmados para o novo coronav\u00edrus, o que refor\u00e7a a circula\u00e7\u00e3o de outros v\u00edrus sazonais e a maior exposi\u00e7\u00e3o da popula\u00e7\u00e3o a eles&#8221;, destacou Longo. Atualmente, a rede estadual possui 933 vagas de enfermaria exclusivos da Covid-19, com ocupa\u00e7\u00e3o de 46%, ou seja, mais de 500 leitos dispon\u00edveis.<\/p>\n<p>Em rela\u00e7\u00e3o aos casos graves, o secret\u00e1rio Andr\u00e9 Longo tamb\u00e9m reafirmou as quedas sucessivas nas ocorr\u00eancias, como tamb\u00e9m dos \u00f3bitos. &#8220;Com isso, e ap\u00f3s criteriosa an\u00e1lise epidemiol\u00f3gica, o Governo do Estado e a Prefeitura do Recife desmobilizaram mais de 1,5 mil leitos e, mesmo assim, a m\u00e9dia de ocupa\u00e7\u00e3o permanece, hoje, abaixo de 60%&#8221;, frisou. O gestor ainda disse que a rede de sa\u00fade continua com capacidade de mobiliza\u00e7\u00e3o para, se necess\u00e1rio, retomar leitos para assist\u00eancia \u00e0 Covid-19. Hoje, a rede estadual possui 785 leitos de UTI, com ocupa\u00e7\u00e3o de 75%, ou seja, com 200 vagas dispon\u00edveis para acolher pacientes.<\/p>\n<p>Em rela\u00e7\u00e3o \u00e0s mensagens que circulam nas m\u00eddias sociais, Andr\u00e9 Longo foi enf\u00e1tico: &#8220;n\u00e3o podemos tomar medidas por uma impress\u00e3o de um dia ou de outro, ou por uma situa\u00e7\u00e3o que aparece apenas em uma semana epidemiol\u00f3gica. Precisamos configurar tend\u00eancia, analisar os n\u00fameros. A gente n\u00e3o deve se precipitar em nenhum tipo de medida, mas ressalto que estamos observando os cen\u00e1rios diariamente. Se for preciso tomar alguma medida mais r\u00edgida, n\u00f3s vamos tomar, mas isso \u00e9 acompanhando o cen\u00e1rio, os indicadores&#8221;.<\/p>\n<p>&#8220;Continuamos, por determina\u00e7\u00e3o do governador Paulo C\u00e2mara, monitorando, diariamente, os indicadores e vamos permanecer com o m\u00e1ximo de transpar\u00eancia para levar a informa\u00e7\u00e3o real e verdadeira para a popula\u00e7\u00e3o. E lembro que, para evitar um novo aumento nos \u00edndices de contamina\u00e7\u00e3o pela Covid-19, dependemos somente de nossas pr\u00f3prias atitudes. O v\u00edrus continua circulando e, para n\u00e3o termos mais mortes e um aumento na ocupa\u00e7\u00e3o dos hospitais, cada um precisa fazer sua parte: usando a m\u00e1scara corretamente, lavando as m\u00e3os com frequ\u00eancia e praticando o distanciamento social, evitando as aglomera\u00e7\u00f5es&#8221;, finalizou Longo.<\/p>\n<p>Foto: Am\u00e9rico Santos\/SEI.<\/p>\n","protected":false},"excerpt":{"rendered":"<p>A Secretaria Estadual de Sa\u00fade (SES-PE) registrou, nesta ter\u00e7a-feira (27\/10), 878 novos casos da Covid-19. Entre os confirmados hoje, 18&hellip;<\/p>\n","protected":false},"author":1,"featured_media":63017,"comment_status":"open","ping_status":"open","sticky":false,"template":"","format":"standard","meta":{"footnotes":""},"categories":[14120],"tags":[2,19532,6,19670,19955],"class_list":["post-63016","post","type-post","status-publish","format-standard","has-post-thumbnail","hentry","category-noticias","tag-blog-do-edvaldo-magalhaes","tag-blog-mais-acessado-e-visualizado-de-caruaru-e-regiao","tag-noticias","tag-novo-coronavirus","tag-pernambuco-registra-878-novos-casos-de-covid-19-e-rede-publica-estadual-tem-ocupacao-media-de-59"],"_links":{"self":[{"href":"https:\/\/blogdoedvaldomagalhaes.com.br\/index.php\/wp-json\/wp\/v2\/posts\/63016","targetHints":{"allow":["GET"]}}],"collection":[{"href":"https:\/\/blogdoedvaldomagalhaes.com.br\/index.php\/wp-json\/wp\/v2\/posts"}],"about":[{"href":"https:\/\/blogdoedvaldomagalhaes.com.br\/index.php\/wp-json\/wp\/v2\/types\/post"}],"author":[{"embeddable":true,"href":"https:\/\/blogdoedvaldomagalhaes.com.br\/index.php\/wp-json\/wp\/v2\/users\/1"}],"replies":[{"embeddable":true,"href":"https:\/\/blogdoedvaldomagalhaes.com.br\/index.php\/wp-json\/wp\/v2\/comments?post=63016"}],"version-history":[{"count":1,"href":"https:\/\/blogdoedvaldomagalhaes.com.br\/index.php\/wp-json\/wp\/v2\/posts\/63016\/revisions"}],"predecessor-version":[{"id":63018,"href":"https:\/\/blogdoedvaldomagalhaes.com.br\/index.php\/wp-json\/wp\/v2\/posts\/63016\/revisions\/63018"}],"wp:featuredmedia":[{"embeddable":true,"href":"https:\/\/blogdoedvaldomagalhaes.com.br\/index.php\/wp-json\/wp\/v2\/media\/63017"}],"wp:attachment":[{"href":"https:\/\/blogdoedvaldomagalhaes.com.br\/index.php\/wp-json\/wp\/v2\/media?parent=63016"}],"wp:term":[{"taxonomy":"category","embeddable":true,"href":"https:\/\/blogdoedvaldomagalhaes.com.br\/index.php\/wp-json\/wp\/v2\/categories?post=63016"},{"taxonomy":"post_tag","embeddable":true,"href":"https:\/\/blogdoedvaldomagalhaes.com.br\/index.php\/wp-json\/wp\/v2\/tags?post=63016"}],"curies":[{"name":"wp","href":"https:\/\/api.w.org\/{rel}","templated":true}]}}