{"id":63012,"date":"2020-10-27T20:08:06","date_gmt":"2020-10-27T23:08:06","guid":{"rendered":"https:\/\/blogdoedvaldomagalhaes.com.br\/?p=63012"},"modified":"2020-10-27T21:08:21","modified_gmt":"2020-10-28T00:08:21","slug":"policia-militar-define-seguranca-para-a-feira-da-sulanca-de-caruaru-nos-meses-de-novembro-e-dezembro","status":"publish","type":"post","link":"https:\/\/blogdoedvaldomagalhaes.com.br\/index.php\/2020\/10\/27\/policia-militar-define-seguranca-para-a-feira-da-sulanca-de-caruaru-nos-meses-de-novembro-e-dezembro\/","title":{"rendered":"Pol\u00edcia Militar define seguran\u00e7a para a Feira da Sulanca de Caruaru nos meses de novembro e dezembro"},"content":{"rendered":"<p style=\"text-align: justify;\">A Pol\u00edcia Militar realizou reuni\u00e3o na manh\u00e3 desta ter\u00e7a-feira (27), em Caruaru, Agreste de Pernambuco, para definir a seguran\u00e7a da Feira da Sulanca nos meses de novembro e dezembro, quando aumenta o fluxo de compradores por causa do Natal e Ano Novo. Este foi o primeiro encontro da PM com representantes da Prefeitura e entidades.<\/p>\n<p style=\"text-align: justify;\">A primeira feira de novembro ser\u00e1 realizada no pr\u00f3ximo domingo (01), por causa do feriado nacional do Dia de Finados, na segunda-feira (02). A partir do dia 22 as feiras ser\u00e3o realizadas aos domingos e segundas.<\/p>\n<p style=\"text-align: justify;\">Participaram da reuni\u00e3o o comandante do 4\u00ba BPM, tenente-coronel Fred Saraiva; major Josivaldo Bezerra, Subcomandante do Batalh\u00e3o; o secret\u00e1rio Extraordin\u00e1rio de Feiras, Jos\u00e9 Pereira; secret\u00e1rio de Servi\u00e7os P\u00fablicos, Ytalo Farias; o gerente do Departamento de Feiras e Mercados, Anderson Almeida; o presidente da Associa\u00e7\u00e3o dos Sulanqueiros de Caruaru, Pedro Moura; presidente da Associa\u00e7\u00e3o Uni\u00e3o dos Sulanqueiros, F\u00e1tima Amaral; e o coordenador da C\u00e2mara Setorial das Lojas do Parque 18 de Maio, Marc\u00edlio Sales.<\/p>\n<p style=\"text-align: justify;\">A estrutura do setor da Brasilit permanecer\u00e1 cercada por disciplinadores e as equipes da Secretaria de Sa\u00fade estar\u00e3o aferindo a temperatura dos frequentadores e comerciantes que acessarem o local. Tamb\u00e9m ser\u00e3o instalados lavabos para a higieniza\u00e7\u00e3o das m\u00e3os em pontos estrat\u00e9gicos do Parque 18 de Maio.<\/p>\n<p style=\"text-align: justify;\">Confira o calend\u00e1rio:<\/p>\n<p style=\"text-align: justify;\">Novembro:<br \/>\nDia 01 (Domingo)<br \/>\nDia 09 (Segunda)<br \/>\nDia 16 (Segunda)<br \/>\nDia 22 e 23 (Domingo e Segunda)<br \/>\nDia 29 e 30 (Domingo e Segunda)<\/p>\n","protected":false},"excerpt":{"rendered":"<p>A Pol\u00edcia Militar realizou reuni\u00e3o na manh\u00e3 desta ter\u00e7a-feira (27), em Caruaru, Agreste de Pernambuco, para definir a seguran\u00e7a da&hellip;<\/p>\n","protected":false},"author":1,"featured_media":63013,"comment_status":"open","ping_status":"open","sticky":false,"template":"","format":"standard","meta":{"footnotes":""},"categories":[14120],"tags":[2,19532,1950,19954],"class_list":["post-63012","post","type-post","status-publish","format-standard","has-post-thumbnail","hentry","category-noticias","tag-blog-do-edvaldo-magalhaes","tag-blog-mais-acessado-e-visualizado-de-caruaru-e-regiao","tag-noticias-de-caruaru","tag-policia-militar-define-seguranca-para-a-feira-da-sulanca-de-caruaru-nos-meses-de-novembro-e-dezembro"],"_links":{"self":[{"href":"https:\/\/blogdoedvaldomagalhaes.com.br\/index.php\/wp-json\/wp\/v2\/posts\/63012","targetHints":{"allow":["GET"]}}],"collection":[{"href":"https:\/\/blogdoedvaldomagalhaes.com.br\/index.php\/wp-json\/wp\/v2\/posts"}],"about":[{"href":"https:\/\/blogdoedvaldomagalhaes.com.br\/index.php\/wp-json\/wp\/v2\/types\/post"}],"author":[{"embeddable":true,"href":"https:\/\/blogdoedvaldomagalhaes.com.br\/index.php\/wp-json\/wp\/v2\/users\/1"}],"replies":[{"embeddable":true,"href":"https:\/\/blogdoedvaldomagalhaes.com.br\/index.php\/wp-json\/wp\/v2\/comments?post=63012"}],"version-history":[{"count":2,"href":"https:\/\/blogdoedvaldomagalhaes.com.br\/index.php\/wp-json\/wp\/v2\/posts\/63012\/revisions"}],"predecessor-version":[{"id":63015,"href":"https:\/\/blogdoedvaldomagalhaes.com.br\/index.php\/wp-json\/wp\/v2\/posts\/63012\/revisions\/63015"}],"wp:featuredmedia":[{"embeddable":true,"href":"https:\/\/blogdoedvaldomagalhaes.com.br\/index.php\/wp-json\/wp\/v2\/media\/63013"}],"wp:attachment":[{"href":"https:\/\/blogdoedvaldomagalhaes.com.br\/index.php\/wp-json\/wp\/v2\/media?parent=63012"}],"wp:term":[{"taxonomy":"category","embeddable":true,"href":"https:\/\/blogdoedvaldomagalhaes.com.br\/index.php\/wp-json\/wp\/v2\/categories?post=63012"},{"taxonomy":"post_tag","embeddable":true,"href":"https:\/\/blogdoedvaldomagalhaes.com.br\/index.php\/wp-json\/wp\/v2\/tags?post=63012"}],"curies":[{"name":"wp","href":"https:\/\/api.w.org\/{rel}","templated":true}]}}