{"id":63008,"date":"2020-10-27T19:51:13","date_gmt":"2020-10-27T22:51:13","guid":{"rendered":"https:\/\/blogdoedvaldomagalhaes.com.br\/?p=63008"},"modified":"2020-10-27T19:51:15","modified_gmt":"2020-10-27T22:51:15","slug":"caruaru-registra-48-novos-casos-de-covid-19-e-duas-mortes","status":"publish","type":"post","link":"https:\/\/blogdoedvaldomagalhaes.com.br\/index.php\/2020\/10\/27\/caruaru-registra-48-novos-casos-de-covid-19-e-duas-mortes\/","title":{"rendered":"Caruaru registra 48 novos casos de covid-19 e duas mortes"},"content":{"rendered":"<p style=\"text-align: justify;\">Mais 48 pessoas foram infectadas pela covid-19 em Caruaru, Agreste de Pernambuco. O boletim 24 horas divulgado na noite desta ter\u00e7a-feira (27) pela Secretaria Municipal de Sa\u00fade tamb\u00e9m confirma duas mortes. Segundo o informe, os \u00f3bitos foram de dois homens com idades de 64 e 73 anos e ocorreram nos dias 5 de maio e 19 de junho.<\/p>\n<p style=\"text-align: justify;\">Do in\u00edcio da pandemia at\u00e9 agora, Caruaru soma 9.623 casos confirmados do novo coronav\u00edrus e 355 \u00f3bitos. Est\u00e3o em investiga\u00e7\u00e3o 313 casos e duas mortes. J\u00e1 o n\u00famero de pacientes recuperados da doen\u00e7a subiu para 9.123 (94,80%).<\/p>\n\n\n<figure class=\"wp-block-image size-large\"><img loading=\"lazy\" decoding=\"async\" width=\"1024\" height=\"1024\" src=\"https:\/\/blogdoedvaldomagalhaes.com.br\/wp-content\/uploads\/2020\/10\/IMG-20201027-WA0141-1024x1024.jpg\" alt=\"\" class=\"wp-image-63009\" srcset=\"https:\/\/blogdoedvaldomagalhaes.com.br\/wp-content\/uploads\/2020\/10\/IMG-20201027-WA0141-1024x1024.jpg 1024w, https:\/\/blogdoedvaldomagalhaes.com.br\/wp-content\/uploads\/2020\/10\/IMG-20201027-WA0141-300x300.jpg 300w, https:\/\/blogdoedvaldomagalhaes.com.br\/wp-content\/uploads\/2020\/10\/IMG-20201027-WA0141-150x150.jpg 150w, https:\/\/blogdoedvaldomagalhaes.com.br\/wp-content\/uploads\/2020\/10\/IMG-20201027-WA0141-768x768.jpg 768w, https:\/\/blogdoedvaldomagalhaes.com.br\/wp-content\/uploads\/2020\/10\/IMG-20201027-WA0141.jpg 1280w\" sizes=\"auto, (max-width: 1024px) 100vw, 1024px\" \/><\/figure>\n","protected":false},"excerpt":{"rendered":"<p>Mais 48 pessoas foram infectadas pela covid-19 em Caruaru, Agreste de Pernambuco. O boletim 24 horas divulgado na noite desta&hellip;<\/p>\n","protected":false},"author":1,"featured_media":63010,"comment_status":"open","ping_status":"open","sticky":false,"template":"","format":"standard","meta":{"footnotes":""},"categories":[14120],"tags":[2,19532,19953,1950,19670],"class_list":["post-63008","post","type-post","status-publish","format-standard","has-post-thumbnail","hentry","category-noticias","tag-blog-do-edvaldo-magalhaes","tag-blog-mais-acessado-e-visualizado-de-caruaru-e-regiao","tag-caruaru-registra-48-novos-casos-de-covid-19-e-duas-mortes","tag-noticias-de-caruaru","tag-novo-coronavirus"],"_links":{"self":[{"href":"https:\/\/blogdoedvaldomagalhaes.com.br\/index.php\/wp-json\/wp\/v2\/posts\/63008","targetHints":{"allow":["GET"]}}],"collection":[{"href":"https:\/\/blogdoedvaldomagalhaes.com.br\/index.php\/wp-json\/wp\/v2\/posts"}],"about":[{"href":"https:\/\/blogdoedvaldomagalhaes.com.br\/index.php\/wp-json\/wp\/v2\/types\/post"}],"author":[{"embeddable":true,"href":"https:\/\/blogdoedvaldomagalhaes.com.br\/index.php\/wp-json\/wp\/v2\/users\/1"}],"replies":[{"embeddable":true,"href":"https:\/\/blogdoedvaldomagalhaes.com.br\/index.php\/wp-json\/wp\/v2\/comments?post=63008"}],"version-history":[{"count":1,"href":"https:\/\/blogdoedvaldomagalhaes.com.br\/index.php\/wp-json\/wp\/v2\/posts\/63008\/revisions"}],"predecessor-version":[{"id":63011,"href":"https:\/\/blogdoedvaldomagalhaes.com.br\/index.php\/wp-json\/wp\/v2\/posts\/63008\/revisions\/63011"}],"wp:featuredmedia":[{"embeddable":true,"href":"https:\/\/blogdoedvaldomagalhaes.com.br\/index.php\/wp-json\/wp\/v2\/media\/63010"}],"wp:attachment":[{"href":"https:\/\/blogdoedvaldomagalhaes.com.br\/index.php\/wp-json\/wp\/v2\/media?parent=63008"}],"wp:term":[{"taxonomy":"category","embeddable":true,"href":"https:\/\/blogdoedvaldomagalhaes.com.br\/index.php\/wp-json\/wp\/v2\/categories?post=63008"},{"taxonomy":"post_tag","embeddable":true,"href":"https:\/\/blogdoedvaldomagalhaes.com.br\/index.php\/wp-json\/wp\/v2\/tags?post=63008"}],"curies":[{"name":"wp","href":"https:\/\/api.w.org\/{rel}","templated":true}]}}