{"id":63,"date":"2019-02-01T20:58:00","date_gmt":"2019-02-01T22:58:00","guid":{"rendered":"http:\/\/blogdoedvaldomagalhaes.com.br\/index.php\/2019\/02\/01\/saiba-qual-e-situacao-das-barragens-e\/"},"modified":"2019-02-09T02:51:38","modified_gmt":"2019-02-09T04:51:38","slug":"saiba-qual-e-situacao-das-barragens-e","status":"publish","type":"post","link":"https:\/\/blogdoedvaldomagalhaes.com.br\/index.php\/2019\/02\/01\/saiba-qual-e-situacao-das-barragens-e\/","title":{"rendered":"Saiba qual \u00e9 a situa\u00e7\u00e3o das barragens em Pernambuco"},"content":{"rendered":"<p><\/p>\n<div class=\"separator\" style=\"clear: both; text-align: center;\">\n<\/div>\n<div class=\"separator\" style=\"clear: both; text-align: center;\">\n<a href=\"https:\/\/1.bp.blogspot.com\/-nWuLbq0H7to\/XFSy0siSnQI\/AAAAAAABB5g\/7Na5tYpM408yzRBAmjx4kPoBMOGEMqLQwCLcBGAs\/s1600\/esta.jpeg\" imageanchor=\"1\" style=\"margin-left: 1em; margin-right: 1em;\"><img loading=\"lazy\" decoding=\"async\" border=\"0\" data-original-height=\"627\" data-original-width=\"1280\" height=\"310\" src=\"http:\/\/blogdoedvaldomagalhaes.com.br\/wp-content\/uploads\/2019\/02\/esta.jpeg\" width=\"640\" \/><\/a><\/div>\n<div class=\"separator\" style=\"clear: both; text-align: center;\">\nFotos: Aluisio Moreira<\/div>\n<div class=\"MsoNormal\" style=\"background: white; line-height: normal; margin-bottom: .0001pt; margin-bottom: 0cm; text-align: justify;\">\n<\/div>\n<div class=\"MsoNormal\" style=\"background: white; line-height: normal; margin-bottom: .0001pt; margin-bottom: 0cm; text-align: justify;\">\nO Governo de Pernambuco, por meio da Secretaria de<br \/>\nInfraestrutura e Recursos H\u00eddricos, detalhou a situa\u00e7\u00e3o das barragens do<br \/>\nEstado, durante entrevista coletiva realizada hoje (31.1). Na ocasi\u00e3o, a<br \/>\ntitular da pasta, Fernandha Batista, esclareceu que laudos t\u00e9cnicos atestam que<br \/>\nn\u00e3o h\u00e1 risco de rompimento dessas estruturas e anunciou a intensifica\u00e7\u00e3o das<br \/>\na\u00e7\u00f5es de fiscaliza\u00e7\u00e3o na \u00e1rea com a cria\u00e7\u00e3o de um&nbsp;grupo de<br \/>\ntrabalho multidisciplinar, composto por 29 profissionais.<\/div>\n<div class=\"MsoNormal\" style=\"background: white; line-height: normal; margin-bottom: .0001pt; margin-bottom: 0cm; text-align: justify;\">\n<\/div>\n<div class=\"MsoNormal\" style=\"background: white; line-height: normal; margin-bottom: .0001pt; margin-bottom: 0cm; text-align: justify;\">\n\u201cCom essa equipe intersetorial, poderemos aumentar<br \/>\nainda mais o olhar para essa quest\u00e3o que toca a vida de tantas pessoas\u201d,<br \/>\njustificou a secret\u00e1ria.&nbsp; O grupo de trabalho tem o objetivo de atualizar<br \/>\no cadastro das barragens e envolve a a\u00e7\u00e3o coordenada das secretarias de<br \/>\nInfraestrutura e Recursos H\u00eddricos, de Meio Ambiente, Desenvolvimento Agr\u00e1rio,<br \/>\nDesenvolvimento Urbano e Habita\u00e7\u00e3o, al\u00e9m de diversos \u00f3rg\u00e3os vinculados \u00e0<br \/>\ntem\u00e1tica. Iniciado pela Regi\u00e3o Metropolitana e pela Mata Sul &#8211; que possuem a<br \/>\nmaior concentra\u00e7\u00e3o pluviom\u00e9trica-, o processo de cadastramento ser\u00e1 conclu\u00eddo<br \/>\nno m\u00eas de junho.<\/div>\n<div class=\"MsoNormal\" style=\"background: white; line-height: normal; margin-bottom: .0001pt; margin-bottom: 0cm; text-align: justify;\">\n<\/div>\n<div class=\"MsoNormal\" style=\"background: white; line-height: normal; margin-bottom: .0001pt; margin-bottom: 0cm; text-align: justify;\">\nRessaltando a s\u00f3lida pol\u00edtica de Recursos H\u00eddricos<br \/>\ndo Governo de Pernambuco nos \u00faltimos anos, cujos trabalhos de monitoramento das<br \/>\nbarragens j\u00e1 realizados regularmente, a gestora citou a constru\u00e7\u00e3o da barragem<br \/>\nde Serro Azul, em Palmares. A obra demandou cerca R$ 500 milh\u00f5es, dos quais R$<br \/>\n300 milh\u00f5es foram recursos estaduais, sendo ela a respons\u00e1vel por segurar as<br \/>\nchuvas de 2017. \u201cEssa chuva teve o mesmo porte daquela de 2010 e que provocou<br \/>\nenchentes em toda a Mata Sul do Estado naquela ocasi\u00e3o\u201d, exemplificou. &nbsp;<\/div>\n<div class=\"MsoNormal\" style=\"background: white; line-height: normal; margin-bottom: .0001pt; margin-bottom: 0cm; text-align: justify; text-indent: 35.4pt;\">\n<\/div>\n<div class=\"MsoNormal\" style=\"background: white; line-height: normal; margin-bottom: .0001pt; margin-bottom: 0cm; text-align: justify;\">\nA secret\u00e1ria ainda se colocou \u00e0 disposi\u00e7\u00e3o da<br \/>\nimprensa para sanar eventuais d\u00favidas de ordem t\u00e9cnica a respeito do tema.<br \/>\n\u201cPrecisamos evitar a veicula\u00e7\u00e3o de not\u00edcias falsas ou alarmistas por<br \/>\ninterpreta\u00e7\u00f5es indevidas desses relat\u00f3rios t\u00e9cnicos\u201d, pontuou. &nbsp;\u201cAt\u00e9<br \/>\nporque as redes sociais t\u00eam hoje um alto poder de causar dano psicol\u00f3gico nas<br \/>\npessoas. Muitas fam\u00edlias ficaram sem conseguir dormir e apavoradas porque viram<br \/>\numa informa\u00e7\u00e3o r\u00e1pida e sem o detalhamento necess\u00e1rio\u201d, complementou Fernandha<\/div>\n<div class=\"MsoNormal\" style=\"background: white; line-height: normal; margin-bottom: .0001pt; margin-bottom: 0cm; text-align: justify; text-indent: 35.4pt;\">\n<\/div>\n<div class=\"MsoNormal\" style=\"background: white; line-height: normal; margin-bottom: .0001pt; margin-bottom: 0cm; text-align: justify;\">\nNa oportunidade, a gestora tamb\u00e9m explicou as<br \/>\ndiferen\u00e7as existentes entre risco potencial e o risco de rompimento. \u201cS\u00e3o<br \/>\ncoisas totalmente distintas. O risco de rompimento tem problemas estruturais,<br \/>\nenquanto que os crit\u00e9rios de avalia\u00e7\u00e3o do risco potencial levam em conta o<br \/>\nporte das barragens e o fato de ter popula\u00e7\u00e3o morando pr\u00f3ximo ao local, sendo<br \/>\napenas este \u00faltimo caso apontado pelos relat\u00f3rios t\u00e9cnicos da ANA em rela\u00e7\u00e3o \u00e0s<br \/>\nnossas barragens\u201d, disse a secret\u00e1ria.<\/div>\n<div class=\"MsoNormal\" style=\"background: white; line-height: normal; margin-bottom: 0.0001pt; text-align: justify;\">\n<\/div>\n<div class=\"separator\" style=\"clear: both; text-align: center;\">\n<a href=\"https:\/\/1.bp.blogspot.com\/-XSC7Y7YYUrw\/XFSyvvamdOI\/AAAAAAABB5c\/5V32ClV8zNMr42Ujo2q-YseBqqTxPgTIACEwYBhgL\/s1600\/essa.jpeg\" imageanchor=\"1\" style=\"margin-left: 1em; margin-right: 1em;\"><img loading=\"lazy\" decoding=\"async\" border=\"0\" data-original-height=\"767\" data-original-width=\"1280\" height=\"382\" src=\"http:\/\/blogdoedvaldomagalhaes.com.br\/wp-content\/uploads\/2019\/02\/essa.jpeg\" width=\"640\" \/><\/a><\/div>\n<div class=\"MsoNormal\" style=\"background: white; line-height: normal; margin-bottom: 0.0001pt; text-align: justify;\">\n<\/div>\n<div class=\"MsoNormal\" style=\"background: white; line-height: 12.65pt; margin-bottom: 10pt; text-align: justify;\">\n<b>BARRAGENS<\/b><\/div>\n<div class=\"MsoNormal\" style=\"background: white; line-height: normal; margin-bottom: 0.0001pt; text-align: justify;\">\n<\/div>\n<div class=\"MsoNormal\" style=\"background: white; line-height: normal; margin-bottom: .0001pt; margin-bottom: 0cm; text-align: justify;\">\nPernambuco possui 442 barragens catalogadas, das<br \/>\nquais 283 s\u00e3o de responsabilidade da administra\u00e7\u00e3o estadual e de \u00f3rg\u00e3os<br \/>\nvinculados. As outras 159 &#8211; que cont\u00e9m 59% do volume da \u00e1gua acumulada &#8211; s\u00e3o de<br \/>\nresponsabilidade do Governo Federal, prefeituras e particulares. Essas<br \/>\nestruturas s\u00e3o acompanhadas regularmente pela Ag\u00eancia Pernambucana de \u00c1guas e<br \/>\nClimas (APAC), respons\u00e1vel pela garantia do cumprimento da Lei 12334\/2010 (Lei<br \/>\nde Seguran\u00e7a de Barragens).&nbsp;<\/div>\n<div class=\"MsoNormal\" style=\"background: white; line-height: normal; margin-bottom: .0001pt; margin-bottom: 0cm; text-align: justify;\">\n<\/div>\n<div class=\"MsoNormal\" style=\"background: white; line-height: normal; margin-bottom: .0001pt; margin-bottom: 0cm; text-align: justify;\">\nQuando verificada a necessidade de interven\u00e7\u00f5es<br \/>\npara a garantia da seguran\u00e7a e da funcionalidade desses equipamentos, a APAC<br \/>\naciona o empreendedor respons\u00e1vel para a realiza\u00e7\u00e3o das a\u00e7\u00f5es cab\u00edveis, a<br \/>\nexemplo do ocorrido com a Barragem de Jucazinho, em Surubim, no Agreste. Em<br \/>\n2016, ap\u00f3s vistoria t\u00e9cnica da APAC, o Governo de Pernambuco prontamente<br \/>\nnotificou o DNOCS em referente a problemas t\u00e9cnicos identificados na estrutura<br \/>\nda barragem, que passou a receber interven\u00e7\u00f5es para o seu restabelecimento.<\/div>\n<div class=\"MsoNormal\" style=\"background: white; line-height: normal; margin-bottom: .0001pt; margin-bottom: 0cm; text-align: justify;\">\n<\/div>\n<div class=\"MsoNormal\" style=\"text-align: justify;\">\n<\/div>\n<div style=\"text-align: justify;\">\n<\/div>\n","protected":false},"excerpt":{"rendered":"<p>Fotos: Aluisio Moreira O Governo de Pernambuco, por meio da Secretaria de Infraestrutura e Recursos H\u00eddricos, detalhou a situa\u00e7\u00e3o das&hellip;<\/p>\n","protected":false},"author":1,"featured_media":0,"comment_status":"open","ping_status":"open","sticky":false,"template":"","format":"standard","meta":{"footnotes":""},"categories":[1],"tags":[2,6,70],"class_list":["post-63","post","type-post","status-publish","format-standard","hentry","category-sem-categoria","tag-blog-do-edvaldo-magalhaes","tag-noticias","tag-saiba-qual-e-a-situacao-das-barragens-em-pernambuco"],"_links":{"self":[{"href":"https:\/\/blogdoedvaldomagalhaes.com.br\/index.php\/wp-json\/wp\/v2\/posts\/63","targetHints":{"allow":["GET"]}}],"collection":[{"href":"https:\/\/blogdoedvaldomagalhaes.com.br\/index.php\/wp-json\/wp\/v2\/posts"}],"about":[{"href":"https:\/\/blogdoedvaldomagalhaes.com.br\/index.php\/wp-json\/wp\/v2\/types\/post"}],"author":[{"embeddable":true,"href":"https:\/\/blogdoedvaldomagalhaes.com.br\/index.php\/wp-json\/wp\/v2\/users\/1"}],"replies":[{"embeddable":true,"href":"https:\/\/blogdoedvaldomagalhaes.com.br\/index.php\/wp-json\/wp\/v2\/comments?post=63"}],"version-history":[{"count":1,"href":"https:\/\/blogdoedvaldomagalhaes.com.br\/index.php\/wp-json\/wp\/v2\/posts\/63\/revisions"}],"predecessor-version":[{"id":37913,"href":"https:\/\/blogdoedvaldomagalhaes.com.br\/index.php\/wp-json\/wp\/v2\/posts\/63\/revisions\/37913"}],"wp:attachment":[{"href":"https:\/\/blogdoedvaldomagalhaes.com.br\/index.php\/wp-json\/wp\/v2\/media?parent=63"}],"wp:term":[{"taxonomy":"category","embeddable":true,"href":"https:\/\/blogdoedvaldomagalhaes.com.br\/index.php\/wp-json\/wp\/v2\/categories?post=63"},{"taxonomy":"post_tag","embeddable":true,"href":"https:\/\/blogdoedvaldomagalhaes.com.br\/index.php\/wp-json\/wp\/v2\/tags?post=63"}],"curies":[{"name":"wp","href":"https:\/\/api.w.org\/{rel}","templated":true}]}}