{"id":62994,"date":"2020-10-27T09:11:48","date_gmt":"2020-10-27T12:11:48","guid":{"rendered":"https:\/\/blogdoedvaldomagalhaes.com.br\/?p=62994"},"modified":"2020-10-27T09:11:52","modified_gmt":"2020-10-27T12:11:52","slug":"unifavip-promove-debate-com-candidatos-a-prefeitura-de-caruaru-nesta-terca-27","status":"publish","type":"post","link":"https:\/\/blogdoedvaldomagalhaes.com.br\/index.php\/2020\/10\/27\/unifavip-promove-debate-com-candidatos-a-prefeitura-de-caruaru-nesta-terca-27\/","title":{"rendered":"UniFavip promove debate com candidatos \u00e0 Prefeitura de Caruaru nesta ter\u00e7a (27)"},"content":{"rendered":"<p style=\"text-align: justify;\"><span style=\"font-size: inherit;\">O Centro Universit\u00e1rio UniFavip, por meio do Curso de Direito promove, nesta ter\u00e7a-feira (28), um debate acad\u00eamico com os candidatos \u00e0 Prefeitura Municipal de Caruaru. O evento ter\u00e1 in\u00edcio \u00e0s 17h, com transmiss\u00e3o ao vivo pelo YouTube do UniFavip &#8211; https:\/\/www.youtube.com\/user\/favipedu. Todos os seis postulantes ao cargo executivo caruaruense foram convidados e confirmaram a presen\u00e7a.<\/span><\/p>\n<p style=\"text-align: justify;\">Ser\u00e1 um momento oportuno para cada um apresentar suas propostas e responder quest\u00f5es elaboradas pelos alunos do UniFavip no que se refere \u00e0 sa\u00fade, educa\u00e7\u00e3o, desenvolvimento econ\u00f4mico, cultura, turismo, lazer e infraestrutura do munic\u00edpio. De acordo com a coordenadora do Curso de Direito, Carolinne Fernandes, o debate \u00e9 um dos eventos tradicionais do Centro Universit\u00e1rio, com uma import\u00e2ncia fundamental em meio \u00e0s elei\u00e7\u00f5es.<\/p>\n<p style=\"text-align: justify;\">\u201cO UniFavip sempre est\u00e1 preocupado em melhor servir a comunidade local, inclusive fomentando o salutar debate pol\u00edtico, fundamental para o desenvolvimento da cidade. Soma-se a isso o fato de que as elei\u00e7\u00f5es municipais deste corrente ano transcorrer\u00e3o sob os efeitos da pandemia do Coronav\u00edrus, na tentativa de atender aos protocolos sanit\u00e1rios, onde os cidad\u00e3os, em especial os alunos e membros da nossa comunidade acad\u00eamica, ter\u00e3o natural dificuldade de acesso f\u00edsico aos candidatos e aos eventos de campanha\u201d, disse ela, que finaliza destacando o objetivo do evento.<\/p>\n<p style=\"text-align: justify;\">O intuito do evento, segundo Fernandes, \u00e9 proporcionar conhecimento \u00e0 comunidade quanto aos projetos e compromissos de cada candidato em prol da solu\u00e7\u00e3o dos diversos problemas enfrentados pela cidade.<\/p>\n<p>Foto: Blog do M\u00e1rio Fl\u00e1vio.<\/p>\n\n\n<figure class=\"wp-block-image size-large\"><img loading=\"lazy\" decoding=\"async\" width=\"576\" height=\"1024\" src=\"https:\/\/blogdoedvaldomagalhaes.com.br\/wp-content\/uploads\/2020\/10\/IMG-20201027-WA0025-576x1024.jpg\" alt=\"\" class=\"wp-image-62996\" srcset=\"https:\/\/blogdoedvaldomagalhaes.com.br\/wp-content\/uploads\/2020\/10\/IMG-20201027-WA0025-576x1024.jpg 576w, https:\/\/blogdoedvaldomagalhaes.com.br\/wp-content\/uploads\/2020\/10\/IMG-20201027-WA0025-169x300.jpg 169w, https:\/\/blogdoedvaldomagalhaes.com.br\/wp-content\/uploads\/2020\/10\/IMG-20201027-WA0025.jpg 720w\" sizes=\"auto, (max-width: 576px) 100vw, 576px\" \/><\/figure>\n","protected":false},"excerpt":{"rendered":"<p>O Centro Universit\u00e1rio UniFavip, por meio do Curso de Direito promove, nesta ter\u00e7a-feira (28), um debate acad\u00eamico com os candidatos&hellip;<\/p>\n","protected":false},"author":1,"featured_media":62995,"comment_status":"open","ping_status":"open","sticky":false,"template":"","format":"standard","meta":{"footnotes":""},"categories":[14122],"tags":[2,19532,1950,20,19951],"class_list":["post-62994","post","type-post","status-publish","format-standard","has-post-thumbnail","hentry","category-politica","tag-blog-do-edvaldo-magalhaes","tag-blog-mais-acessado-e-visualizado-de-caruaru-e-regiao","tag-noticias-de-caruaru","tag-politica","tag-unifavip-promove-debate-com-candidatos-a-prefeitura-de-caruaru-nesta-terca-27"],"_links":{"self":[{"href":"https:\/\/blogdoedvaldomagalhaes.com.br\/index.php\/wp-json\/wp\/v2\/posts\/62994","targetHints":{"allow":["GET"]}}],"collection":[{"href":"https:\/\/blogdoedvaldomagalhaes.com.br\/index.php\/wp-json\/wp\/v2\/posts"}],"about":[{"href":"https:\/\/blogdoedvaldomagalhaes.com.br\/index.php\/wp-json\/wp\/v2\/types\/post"}],"author":[{"embeddable":true,"href":"https:\/\/blogdoedvaldomagalhaes.com.br\/index.php\/wp-json\/wp\/v2\/users\/1"}],"replies":[{"embeddable":true,"href":"https:\/\/blogdoedvaldomagalhaes.com.br\/index.php\/wp-json\/wp\/v2\/comments?post=62994"}],"version-history":[{"count":1,"href":"https:\/\/blogdoedvaldomagalhaes.com.br\/index.php\/wp-json\/wp\/v2\/posts\/62994\/revisions"}],"predecessor-version":[{"id":62997,"href":"https:\/\/blogdoedvaldomagalhaes.com.br\/index.php\/wp-json\/wp\/v2\/posts\/62994\/revisions\/62997"}],"wp:featuredmedia":[{"embeddable":true,"href":"https:\/\/blogdoedvaldomagalhaes.com.br\/index.php\/wp-json\/wp\/v2\/media\/62995"}],"wp:attachment":[{"href":"https:\/\/blogdoedvaldomagalhaes.com.br\/index.php\/wp-json\/wp\/v2\/media?parent=62994"}],"wp:term":[{"taxonomy":"category","embeddable":true,"href":"https:\/\/blogdoedvaldomagalhaes.com.br\/index.php\/wp-json\/wp\/v2\/categories?post=62994"},{"taxonomy":"post_tag","embeddable":true,"href":"https:\/\/blogdoedvaldomagalhaes.com.br\/index.php\/wp-json\/wp\/v2\/tags?post=62994"}],"curies":[{"name":"wp","href":"https:\/\/api.w.org\/{rel}","templated":true}]}}