{"id":62990,"date":"2020-10-27T08:07:22","date_gmt":"2020-10-27T11:07:22","guid":{"rendered":"https:\/\/blogdoedvaldomagalhaes.com.br\/?p=62990"},"modified":"2020-10-27T08:07:23","modified_gmt":"2020-10-27T11:07:23","slug":"4a-ciretran-abre-sabados-para-realizacao-de-provas-teoricas","status":"publish","type":"post","link":"https:\/\/blogdoedvaldomagalhaes.com.br\/index.php\/2020\/10\/27\/4a-ciretran-abre-sabados-para-realizacao-de-provas-teoricas\/","title":{"rendered":"4\u00aa CIRETRAN abre s\u00e1bados para realiza\u00e7\u00e3o de provas te\u00f3ricas"},"content":{"rendered":"<p style=\"text-align: justify;\"><span style=\"font-size: inherit;\">Para diminuir demanda reprimida existente por causa da Pandemia do Covid-19, a 4\u00aa Circunscri\u00e7\u00e3o Regional de Tr\u00e2nsito &#8211; Ciretran, passou a abrir aos s\u00e1bados para atendimento exclusivo de Exames Te\u00f3ricos, aumentando assim a capacidade de atendimento do servi\u00e7o. Os interessados dever\u00e3o agendar previamente o exame no site do Detran-PE(www.detran.pe.gov.br). O hor\u00e1rio de funcionamento ser\u00e1 o mesmo dos dias \u00fateis, das 8h \u00e0s 13h.<\/span><\/p>\n<p style=\"text-align: justify;\">Segundo o coordenador da unidade, Jefferson Paz, ainda existe uma grande demanda ocasionada pela pandemia do Novo Coronav\u00edrus. &#8220;J\u00e1 est\u00e1vamos abrindo aos s\u00e1bados para atender aos servi\u00e7os exclusivo de primeira habilita\u00e7\u00e3o. Agora, estamos realizando tamb\u00e9m os exames te\u00f3ricos que conta com outra grande demanda\u201d afirma Jefferson.<\/p>\n<p style=\"text-align: justify;\">O coordenador lembra ainda que a 4\u00aa Ciretran est\u00e1 seguindo todos os protocolos de seguran\u00e7a e de retomada das atividades e que s\u00f3 ser\u00e1 autorizado a entrada do usu\u00e1rio, se o mesmo estiver de m\u00e1scara e depois da higieniza\u00e7\u00e3o das m\u00e3os e aferi\u00e7\u00e3o de temperatura.<\/p>\n\n\n<figure class=\"wp-block-image size-large\"><img loading=\"lazy\" decoding=\"async\" width=\"1024\" height=\"576\" src=\"https:\/\/blogdoedvaldomagalhaes.com.br\/wp-content\/uploads\/2020\/10\/IMG-20200717-WA0078-1140x641-1-1024x576.jpg\" alt=\"\" class=\"wp-image-62992\" srcset=\"https:\/\/blogdoedvaldomagalhaes.com.br\/wp-content\/uploads\/2020\/10\/IMG-20200717-WA0078-1140x641-1-1024x576.jpg 1024w, https:\/\/blogdoedvaldomagalhaes.com.br\/wp-content\/uploads\/2020\/10\/IMG-20200717-WA0078-1140x641-1-300x169.jpg 300w, https:\/\/blogdoedvaldomagalhaes.com.br\/wp-content\/uploads\/2020\/10\/IMG-20200717-WA0078-1140x641-1-768x432.jpg 768w, https:\/\/blogdoedvaldomagalhaes.com.br\/wp-content\/uploads\/2020\/10\/IMG-20200717-WA0078-1140x641-1-720x405.jpg 720w, https:\/\/blogdoedvaldomagalhaes.com.br\/wp-content\/uploads\/2020\/10\/IMG-20200717-WA0078-1140x641-1.jpg 1140w\" sizes=\"auto, (max-width: 1024px) 100vw, 1024px\" \/><\/figure>\n","protected":false},"excerpt":{"rendered":"<p>Para diminuir demanda reprimida existente por causa da Pandemia do Covid-19, a 4\u00aa Circunscri\u00e7\u00e3o Regional de Tr\u00e2nsito &#8211; Ciretran, passou&hellip;<\/p>\n","protected":false},"author":1,"featured_media":62991,"comment_status":"open","ping_status":"open","sticky":false,"template":"","format":"standard","meta":{"footnotes":""},"categories":[14120],"tags":[19950,2,19532,1950],"class_list":["post-62990","post","type-post","status-publish","format-standard","has-post-thumbnail","hentry","category-noticias","tag-4a-ciretran-abre-sabados-para-realizacao-de-provas-teoricas","tag-blog-do-edvaldo-magalhaes","tag-blog-mais-acessado-e-visualizado-de-caruaru-e-regiao","tag-noticias-de-caruaru"],"_links":{"self":[{"href":"https:\/\/blogdoedvaldomagalhaes.com.br\/index.php\/wp-json\/wp\/v2\/posts\/62990","targetHints":{"allow":["GET"]}}],"collection":[{"href":"https:\/\/blogdoedvaldomagalhaes.com.br\/index.php\/wp-json\/wp\/v2\/posts"}],"about":[{"href":"https:\/\/blogdoedvaldomagalhaes.com.br\/index.php\/wp-json\/wp\/v2\/types\/post"}],"author":[{"embeddable":true,"href":"https:\/\/blogdoedvaldomagalhaes.com.br\/index.php\/wp-json\/wp\/v2\/users\/1"}],"replies":[{"embeddable":true,"href":"https:\/\/blogdoedvaldomagalhaes.com.br\/index.php\/wp-json\/wp\/v2\/comments?post=62990"}],"version-history":[{"count":1,"href":"https:\/\/blogdoedvaldomagalhaes.com.br\/index.php\/wp-json\/wp\/v2\/posts\/62990\/revisions"}],"predecessor-version":[{"id":62993,"href":"https:\/\/blogdoedvaldomagalhaes.com.br\/index.php\/wp-json\/wp\/v2\/posts\/62990\/revisions\/62993"}],"wp:featuredmedia":[{"embeddable":true,"href":"https:\/\/blogdoedvaldomagalhaes.com.br\/index.php\/wp-json\/wp\/v2\/media\/62991"}],"wp:attachment":[{"href":"https:\/\/blogdoedvaldomagalhaes.com.br\/index.php\/wp-json\/wp\/v2\/media?parent=62990"}],"wp:term":[{"taxonomy":"category","embeddable":true,"href":"https:\/\/blogdoedvaldomagalhaes.com.br\/index.php\/wp-json\/wp\/v2\/categories?post=62990"},{"taxonomy":"post_tag","embeddable":true,"href":"https:\/\/blogdoedvaldomagalhaes.com.br\/index.php\/wp-json\/wp\/v2\/tags?post=62990"}],"curies":[{"name":"wp","href":"https:\/\/api.w.org\/{rel}","templated":true}]}}