{"id":62987,"date":"2020-10-26T21:08:00","date_gmt":"2020-10-27T00:08:00","guid":{"rendered":"https:\/\/blogdoedvaldomagalhaes.com.br\/?p=62987"},"modified":"2020-10-26T21:08:01","modified_gmt":"2020-10-27T00:08:01","slug":"marcelo-gomes-visita-a-zona-rural-e-fala-sobre-assistencia-para-agricultura-familiar","status":"publish","type":"post","link":"https:\/\/blogdoedvaldomagalhaes.com.br\/index.php\/2020\/10\/26\/marcelo-gomes-visita-a-zona-rural-e-fala-sobre-assistencia-para-agricultura-familiar\/","title":{"rendered":"Marcelo Gomes visita a zona rural e fala sobre assist\u00eancia  para agricultura familiar"},"content":{"rendered":"<p style=\"text-align: justify;\"><span style=\"font-size: inherit;\">Marcelo Gomes (PSB), candidato a prefeito de Caruaru, visitou, na tarde deste s\u00e1bado (24), comunidades no 4\u00ba Distrito da Zona Rural do munic\u00edpio. No local, Marcelo conversou com moradores e comerciantes, que desabafaram sobre o abandono da gest\u00e3o atual. Al\u00e9m disso, tamb\u00e9m demonstraram forte apoio \u00e0 campanha de Gomes.<\/span><\/p>\n<p style=\"text-align: justify;\">\u201cEm meu mandato, vou priorizar a assist\u00eancia para a agricultura familiar, buscar melhorias no abastecimento de \u00e1gua com mais po\u00e7os, barragens e adutoras, mais investimentos para a Zona Rural. Vamos incentivar o empreendedorismo e o turismo rural e criar mais oportunidades de gera\u00e7\u00e3o de renda de quem vive do campo\u201d, explicou Marcelo. As localidades visitadas foram Serrote dos Bois, Xique-Xique e Lagoa de Pedra.<\/p>\n","protected":false},"excerpt":{"rendered":"<p>Marcelo Gomes (PSB), candidato a prefeito de Caruaru, visitou, na tarde deste s\u00e1bado (24), comunidades no 4\u00ba Distrito da Zona&hellip;<\/p>\n","protected":false},"author":1,"featured_media":62988,"comment_status":"open","ping_status":"open","sticky":false,"template":"","format":"standard","meta":{"footnotes":""},"categories":[14122],"tags":[2,19532,1950,20],"class_list":["post-62987","post","type-post","status-publish","format-standard","has-post-thumbnail","hentry","category-politica","tag-blog-do-edvaldo-magalhaes","tag-blog-mais-acessado-e-visualizado-de-caruaru-e-regiao","tag-noticias-de-caruaru","tag-politica"],"_links":{"self":[{"href":"https:\/\/blogdoedvaldomagalhaes.com.br\/index.php\/wp-json\/wp\/v2\/posts\/62987","targetHints":{"allow":["GET"]}}],"collection":[{"href":"https:\/\/blogdoedvaldomagalhaes.com.br\/index.php\/wp-json\/wp\/v2\/posts"}],"about":[{"href":"https:\/\/blogdoedvaldomagalhaes.com.br\/index.php\/wp-json\/wp\/v2\/types\/post"}],"author":[{"embeddable":true,"href":"https:\/\/blogdoedvaldomagalhaes.com.br\/index.php\/wp-json\/wp\/v2\/users\/1"}],"replies":[{"embeddable":true,"href":"https:\/\/blogdoedvaldomagalhaes.com.br\/index.php\/wp-json\/wp\/v2\/comments?post=62987"}],"version-history":[{"count":1,"href":"https:\/\/blogdoedvaldomagalhaes.com.br\/index.php\/wp-json\/wp\/v2\/posts\/62987\/revisions"}],"predecessor-version":[{"id":62989,"href":"https:\/\/blogdoedvaldomagalhaes.com.br\/index.php\/wp-json\/wp\/v2\/posts\/62987\/revisions\/62989"}],"wp:featuredmedia":[{"embeddable":true,"href":"https:\/\/blogdoedvaldomagalhaes.com.br\/index.php\/wp-json\/wp\/v2\/media\/62988"}],"wp:attachment":[{"href":"https:\/\/blogdoedvaldomagalhaes.com.br\/index.php\/wp-json\/wp\/v2\/media?parent=62987"}],"wp:term":[{"taxonomy":"category","embeddable":true,"href":"https:\/\/blogdoedvaldomagalhaes.com.br\/index.php\/wp-json\/wp\/v2\/categories?post=62987"},{"taxonomy":"post_tag","embeddable":true,"href":"https:\/\/blogdoedvaldomagalhaes.com.br\/index.php\/wp-json\/wp\/v2\/tags?post=62987"}],"curies":[{"name":"wp","href":"https:\/\/api.w.org\/{rel}","templated":true}]}}