{"id":62984,"date":"2020-10-26T20:53:32","date_gmt":"2020-10-26T23:53:32","guid":{"rendered":"https:\/\/blogdoedvaldomagalhaes.com.br\/?p=62984"},"modified":"2020-10-26T20:53:33","modified_gmt":"2020-10-26T23:53:33","slug":"raquel-lyra-dialoga-com-funcionarios-de-fabricas-no-distrito-industrial-de-caruaru","status":"publish","type":"post","link":"https:\/\/blogdoedvaldomagalhaes.com.br\/index.php\/2020\/10\/26\/raquel-lyra-dialoga-com-funcionarios-de-fabricas-no-distrito-industrial-de-caruaru\/","title":{"rendered":"Raquel Lyra di\u00e1loga com funcion\u00e1rios de f\u00e1bricas no Distrito Industrial de Caruaru"},"content":{"rendered":"<p style=\"text-align: justify;\"><span style=\"font-size: inherit;\">Durante a tarde desta segunda-feira (26), a candidata \u00e0 reelei\u00e7\u00e3o em Caruaru, Raquel Lyra (PSDB), esteve em f\u00e1bricas do Distrito Industrial do munic\u00edpio dialogando com os funcion\u00e1rios das empresas. Representando diversas comunidades e bairros de Caruaru, eles puderam esclarecer d\u00favidas sobre a\u00e7\u00f5es da gest\u00e3o, deram sugest\u00f5es e ouviram as propostas da prefeitur\u00e1vel.<\/span><\/p>\n<p style=\"text-align: justify;\">&#8220;A gente tem muito mais o que fazer pela frente e \u00e9 isso que me anima a ser candidata de novo. Conseguimos ao longo do tempo melhorar muito essa rela\u00e7\u00e3o do que a gente arrecada e do que a gente consegue transformar em servi\u00e7o para a popula\u00e7\u00e3o. Se voc\u00eas compreenderem que, de fato, o que a gente fez precisa ser continuado e chegar aonde n\u00e3o chegamos&#8221;, destacou Raquel.<\/p>\n<p style=\"text-align: justify;\">Foto: Jana\u00edna Pepeu.<\/p>\n","protected":false},"excerpt":{"rendered":"<p>Durante a tarde desta segunda-feira (26), a candidata \u00e0 reelei\u00e7\u00e3o em Caruaru, Raquel Lyra (PSDB), esteve em f\u00e1bricas do Distrito&hellip;<\/p>\n","protected":false},"author":1,"featured_media":62985,"comment_status":"open","ping_status":"open","sticky":false,"template":"","format":"standard","meta":{"footnotes":""},"categories":[14122],"tags":[2,19532,20,1229,19948],"class_list":["post-62984","post","type-post","status-publish","format-standard","has-post-thumbnail","hentry","category-politica","tag-blog-do-edvaldo-magalhaes","tag-blog-mais-acessado-e-visualizado-de-caruaru-e-regiao","tag-politica","tag-raquel-lyra","tag-raquel-lyra-dialoga-com-funcionarios-de-fabricas-no-distrito-industrial-de-caruaru"],"_links":{"self":[{"href":"https:\/\/blogdoedvaldomagalhaes.com.br\/index.php\/wp-json\/wp\/v2\/posts\/62984","targetHints":{"allow":["GET"]}}],"collection":[{"href":"https:\/\/blogdoedvaldomagalhaes.com.br\/index.php\/wp-json\/wp\/v2\/posts"}],"about":[{"href":"https:\/\/blogdoedvaldomagalhaes.com.br\/index.php\/wp-json\/wp\/v2\/types\/post"}],"author":[{"embeddable":true,"href":"https:\/\/blogdoedvaldomagalhaes.com.br\/index.php\/wp-json\/wp\/v2\/users\/1"}],"replies":[{"embeddable":true,"href":"https:\/\/blogdoedvaldomagalhaes.com.br\/index.php\/wp-json\/wp\/v2\/comments?post=62984"}],"version-history":[{"count":1,"href":"https:\/\/blogdoedvaldomagalhaes.com.br\/index.php\/wp-json\/wp\/v2\/posts\/62984\/revisions"}],"predecessor-version":[{"id":62986,"href":"https:\/\/blogdoedvaldomagalhaes.com.br\/index.php\/wp-json\/wp\/v2\/posts\/62984\/revisions\/62986"}],"wp:featuredmedia":[{"embeddable":true,"href":"https:\/\/blogdoedvaldomagalhaes.com.br\/index.php\/wp-json\/wp\/v2\/media\/62985"}],"wp:attachment":[{"href":"https:\/\/blogdoedvaldomagalhaes.com.br\/index.php\/wp-json\/wp\/v2\/media?parent=62984"}],"wp:term":[{"taxonomy":"category","embeddable":true,"href":"https:\/\/blogdoedvaldomagalhaes.com.br\/index.php\/wp-json\/wp\/v2\/categories?post=62984"},{"taxonomy":"post_tag","embeddable":true,"href":"https:\/\/blogdoedvaldomagalhaes.com.br\/index.php\/wp-json\/wp\/v2\/tags?post=62984"}],"curies":[{"name":"wp","href":"https:\/\/api.w.org\/{rel}","templated":true}]}}