{"id":62950,"date":"2020-10-26T10:41:37","date_gmt":"2020-10-26T13:41:37","guid":{"rendered":"https:\/\/blogdoedvaldomagalhaes.com.br\/?p=62950"},"modified":"2020-10-26T10:41:37","modified_gmt":"2020-10-26T13:41:37","slug":"ii-jornada-de-pedagogia-sera-realizada-na-asces-unita","status":"publish","type":"post","link":"https:\/\/blogdoedvaldomagalhaes.com.br\/index.php\/2020\/10\/26\/ii-jornada-de-pedagogia-sera-realizada-na-asces-unita\/","title":{"rendered":"II Jornada de Pedagogia ser\u00e1 realizada na Asces-Unita"},"content":{"rendered":"<p style=\"text-align: justify;\"><span style=\"font-size: inherit;\">O curso de Pedagogia da Asces-Unita promove a II Jornada que acontecer\u00e1 entre os dias 28 e 30 de outubro, sob o tema \u201cEDUCA\u00c7\u00c3O P\u00daBLICA: desafios e perspectivas na busca pela qualidade.\u201d O evento ser\u00e1 gratuito e voltado para profissionais e estudantes da \u00e1rea, com carga hor\u00e1rio total de 20hs complementares. Inscreva-se aqui<\/span><\/p>\n<p style=\"text-align: justify;\">A coordenadora do curso de Pedagogia, professora Eliana Vanessa destaca \u201cNosso objetivo \u00e9 discutir pol\u00edticas p\u00fablicas para a \u00e1rea da educa\u00e7\u00e3o, buscamos compreender como as pol\u00edticas educacionais precisam se voltar para a melhoria de todo o atendimento ao aluno, uma vez que a LDB preconiza que a educa\u00e7\u00e3o \u00e9 um direito p\u00fablico subjetivo e que a partir destas pol\u00edticas educacionais, os sistemas de ensino podem redirecionar a\u00e7\u00f5es para que possam promover uma equidade no atendimento. Promover n\u00e3o apenas a entrada do aluno na rede p\u00fablica de ensino, mas tamb\u00e9m o que discutimos como uma tr\u00edade da educa\u00e7\u00e3o: a entrada, a perman\u00eancia com qualidade e a aprendizagem desse aluno. Ent\u00e3o discutir nessa jornada o que os sistemas podem promover a partir de \u00edndices educacionais, de planos e projetos para que a popula\u00e7\u00e3o que est\u00e1 nas escolas p\u00fablicas possa ser melhor atendida\u201d.<\/p>\n<p style=\"text-align: justify;\">PROGRAMA\u00c7\u00c3O DA II JORNADA DE PEDAGOGIA<br \/>\nDia 28\/10 \u2013 19h30<\/p>\n<p style=\"text-align: justify;\">Confer\u00eancia de Abertura<\/p>\n<p style=\"text-align: justify;\">Tema: Educa\u00e7\u00e3o P\u00fablica: desafios e perspectivas em busca da qualidade.<br \/>\nConferencista: Prof. Dr. Herbert Lima Vasconcelos. Secret\u00e1rio de Educa\u00e7\u00e3o de Sobral \u2013 CE<\/p>\n<p style=\"text-align: justify;\">Dia 29\/10 \u2013 Minicursos<br \/>\n14h \u00e0s 17h<\/p>\n<p>Literatura: o conto de fadas e desenvolvimento emocional infantil.<br \/>\nProfessoras: Prof\u00aa. Msc. Silvia Jussara<br \/>\nProf\u00aa. Msc. Niedja Pereira<\/p>\n<p style=\"text-align: justify;\">Interven\u00e7\u00f5es pedag\u00f3gicas na tem\u00e1tica de g\u00eanero: aspectos e possibilidades nas aulas de Educa\u00e7\u00e3o F\u00edsica.<\/p>\n<p>Professora: Msc. Leylane Pereira<\/p>\n<p style=\"text-align: justify;\">Interven\u00e7\u00f5es pedag\u00f3gicas para alunos surdos.<br \/>\nProfessora: Prof\u00aa. Esp. Lucielma Vasconcelos<\/p>\n<p style=\"text-align: justify;\">19h \u00e0s 22h \u2013 Minicursos<br \/>\nPol\u00edticas de forma\u00e7\u00e3o continuada para Educa\u00e7\u00e3o do Campo<\/p>\n<p>Professora: Prof\u00aa. Msc. Edjane Silva<\/p>\n<p style=\"text-align: justify;\">A BNCC e os Ensinos de Hist\u00f3ria e Geografia Locais: inquieta\u00e7\u00f5es e reflex\u00f5es nas s\u00e9ries iniciais do Ensino Fundamental.<\/p>\n<p>Ministrantes: Prof. Msc. Jos\u00e9 Daniel da Silva<br \/>\nProf. Esp. Paulo Jorge Silva<\/p>\n<p style=\"text-align: justify;\">Conhecimento hist\u00f3rico e metodologia hist\u00f3rica<\/p>\n<p>Ministrantes: Prof. Dr. Marco Luppi<br \/>\nProf. Msc. Yago Campelo<\/p>\n<p style=\"text-align: justify;\">Dia 30\/10<br \/>\nMesa redonda \u2013 15h \u00e0s 17h<br \/>\n\u00cdndices educacionais: orientadores do planejamento nas redes.<\/p>\n<p style=\"text-align: justify;\">Palestra de Encerramento \u2013 19h30<br \/>\nTema: A reorganiza\u00e7\u00e3o dos Sistemas de Ensino em meio a pandemia: o \u201cnovo normal\u201d na Educa\u00e7\u00e3o.<\/p>\n","protected":false},"excerpt":{"rendered":"<p>O curso de Pedagogia da Asces-Unita promove a II Jornada que acontecer\u00e1 entre os dias 28 e 30 de outubro,&hellip;<\/p>\n","protected":false},"author":1,"featured_media":62951,"comment_status":"open","ping_status":"open","sticky":false,"template":"","format":"standard","meta":{"footnotes":""},"categories":[14120],"tags":[2,19532,19937,1950],"class_list":["post-62950","post","type-post","status-publish","format-standard","has-post-thumbnail","hentry","category-noticias","tag-blog-do-edvaldo-magalhaes","tag-blog-mais-acessado-e-visualizado-de-caruaru-e-regiao","tag-ii-jornada-de-pedagogia-sera-realizada-na-asces-unita","tag-noticias-de-caruaru"],"_links":{"self":[{"href":"https:\/\/blogdoedvaldomagalhaes.com.br\/index.php\/wp-json\/wp\/v2\/posts\/62950","targetHints":{"allow":["GET"]}}],"collection":[{"href":"https:\/\/blogdoedvaldomagalhaes.com.br\/index.php\/wp-json\/wp\/v2\/posts"}],"about":[{"href":"https:\/\/blogdoedvaldomagalhaes.com.br\/index.php\/wp-json\/wp\/v2\/types\/post"}],"author":[{"embeddable":true,"href":"https:\/\/blogdoedvaldomagalhaes.com.br\/index.php\/wp-json\/wp\/v2\/users\/1"}],"replies":[{"embeddable":true,"href":"https:\/\/blogdoedvaldomagalhaes.com.br\/index.php\/wp-json\/wp\/v2\/comments?post=62950"}],"version-history":[{"count":1,"href":"https:\/\/blogdoedvaldomagalhaes.com.br\/index.php\/wp-json\/wp\/v2\/posts\/62950\/revisions"}],"predecessor-version":[{"id":62952,"href":"https:\/\/blogdoedvaldomagalhaes.com.br\/index.php\/wp-json\/wp\/v2\/posts\/62950\/revisions\/62952"}],"wp:featuredmedia":[{"embeddable":true,"href":"https:\/\/blogdoedvaldomagalhaes.com.br\/index.php\/wp-json\/wp\/v2\/media\/62951"}],"wp:attachment":[{"href":"https:\/\/blogdoedvaldomagalhaes.com.br\/index.php\/wp-json\/wp\/v2\/media?parent=62950"}],"wp:term":[{"taxonomy":"category","embeddable":true,"href":"https:\/\/blogdoedvaldomagalhaes.com.br\/index.php\/wp-json\/wp\/v2\/categories?post=62950"},{"taxonomy":"post_tag","embeddable":true,"href":"https:\/\/blogdoedvaldomagalhaes.com.br\/index.php\/wp-json\/wp\/v2\/tags?post=62950"}],"curies":[{"name":"wp","href":"https:\/\/api.w.org\/{rel}","templated":true}]}}