{"id":62946,"date":"2020-10-26T10:21:35","date_gmt":"2020-10-26T13:21:35","guid":{"rendered":"https:\/\/blogdoedvaldomagalhaes.com.br\/?p=62946"},"modified":"2020-10-26T10:21:36","modified_gmt":"2020-10-26T13:21:36","slug":"1a-edicao-do-evento-mes-da-carreira-com-palestras-on-line-gratuitas-sobre-mercado-de-trabalho","status":"publish","type":"post","link":"https:\/\/blogdoedvaldomagalhaes.com.br\/index.php\/2020\/10\/26\/1a-edicao-do-evento-mes-da-carreira-com-palestras-on-line-gratuitas-sobre-mercado-de-trabalho\/","title":{"rendered":"1\u00aa edi\u00e7\u00e3o do evento \u201cM\u00eas da Carreira\u201d com palestras on-line gratuitas sobre mercado de trabalho"},"content":{"rendered":"<p style=\"text-align: justify;\"><span style=\"font-size: inherit;\">De\u00a0 27 a 30 de outubro, o Centro Universit\u00e1rio UniFavip promover\u00e1 a primeira edi\u00e7\u00e3o do \u201cM\u00eas da Carreira\u201d. O evento ser\u00e1 totalmente on-line e ter\u00e1 mais de 12 horas de conte\u00fado, sendo dividido por \u00e1reas de atua\u00e7\u00e3o, com pain\u00e9is de desenvolvimento e temas, como diversidade, carreira\/ tecnologia, entre outros t\u00f3picos. O p\u00fablico externo de todo o Brasil poder\u00e1 se inscrever por meio do link: https:\/\/bit.ly\/2Hsqk5T e acompanhar a transmiss\u00e3o gratuitamente, que acontecer\u00e1 pela plataforma Teams Microsoft. A iniciativa ser\u00e1 acompanhada, ao vivo, pelos alunos do UniFavip, que fechou parceria com grandes empresas, como Gerdau e Gympass.\u00a0<\/span><\/p>\n<p style=\"text-align: justify;\">\u00a0<br \/>Os debates e palestras contar\u00e3o com grandes nomes do mercado, como Priscila Siqueira, CEO do Gympass no Brasil, que ir\u00e1 contribuir para a discuss\u00e3o sobre as iniciativas e desafios no que tange \u00e0 inclus\u00e3o das mulheres no setor de tecnologia. Outro painel que vai de encontro a um conceito extremamente atual \u00e9 \u201cO direito e a renova\u00e7\u00e3o de seus profissionais com o uso da tecnologia\u201d, conduzido por Natalie Witte, cuja experi\u00eancia supera os 15 anos na diretoria jur\u00eddica de empresas de tecnologia, tais como Orange Business Services, Movile e a Aceleradora Digital 21212.<br \/>\u00a0<br \/>\u201cUm dos nossos prop\u00f3sitos \u00e9 dar suporte em toda a jornada dos nossos alunos, bem como oferecer insumos que agreguem ao dia a dia da popula\u00e7\u00e3o. E \u00e9 exatamente essa a finalidade do M\u00eas da Carreira, cuja programa\u00e7\u00e3o abordar\u00e1 assuntos atuais e relevantes, como o impacto da tecnologia nas profiss\u00f5es, a import\u00e2ncia da diversidade, al\u00e9m das tend\u00eancias de recrutamento, a relev\u00e2ncia das\u00a0soft skills\u00a0e ainda compartilhar\u00e1 hist\u00f3rias inspiradoras de profissionais de destaque\u201d, conta P\u00edlade Moreira, Diretor de Parcerias, Carreiras e Sustentabilidade do UniFavip.<br \/>\u00a0\u00a0<br \/>*Servi\u00e7o: CONFIRA ABAIXO A PROGRAMA\u00c7\u00c3O COMPLETA \u2013 TRANSMISS\u00c3O AO VIVO:*<\/p>\n<p style=\"text-align: justify;\">Evento &#8211; M\u00eas da Carreira Outubro 2020 &#8211; de 27 a 30 de outubro<br \/>Link para inscri\u00e7\u00e3o: https:\/\/bit.ly\/2Hsqk5T<\/p>\n<p style=\"text-align: justify;\">27\/out &#8211; 18:00<br \/>O que \u00e9 um mindset de crescimento?<\/p>\n<p style=\"text-align: justify;\">28\/out &#8211; 11:00<br \/>Papo aberto: o que a Gerdau espera de seus estagi\u00e1rios?<\/p>\n<p style=\"text-align: justify;\">28\/out &#8211; 12:00<br \/>Tecnologia \u00e9 para mulher sim!<\/p>\n<p style=\"text-align: justify;\">29\/out &#8211; 11:00<br \/>Papo aberto: a versatilidade do profissional no mundo do trabalho atual<\/p>\n<p style=\"text-align: justify;\">29\/out &#8211; 12:00<br \/>Pessoas com 40+ e o mercado de trabalho<\/p>\n<p style=\"text-align: justify;\">30\/out &#8211; 11:00<br \/>O direito e a renova\u00e7\u00e3o de seus profissionais com o uso da tecnologia<\/p>\n<p style=\"text-align: justify;\">30\/out &#8211; 12:00<br \/>Pessoas com Defici\u00eancia (PCD) e o mercado de trabalho<\/p>\n\n\n<figure class=\"wp-block-image size-large\"><img loading=\"lazy\" decoding=\"async\" width=\"1024\" height=\"290\" src=\"https:\/\/blogdoedvaldomagalhaes.com.br\/wp-content\/uploads\/2020\/10\/IMG-20201026-WA0013-1024x290.jpg\" alt=\"\" class=\"wp-image-62948\" srcset=\"https:\/\/blogdoedvaldomagalhaes.com.br\/wp-content\/uploads\/2020\/10\/IMG-20201026-WA0013-1024x290.jpg 1024w, https:\/\/blogdoedvaldomagalhaes.com.br\/wp-content\/uploads\/2020\/10\/IMG-20201026-WA0013-300x85.jpg 300w, https:\/\/blogdoedvaldomagalhaes.com.br\/wp-content\/uploads\/2020\/10\/IMG-20201026-WA0013-768x218.jpg 768w, https:\/\/blogdoedvaldomagalhaes.com.br\/wp-content\/uploads\/2020\/10\/IMG-20201026-WA0013.jpg 1200w\" sizes=\"auto, (max-width: 1024px) 100vw, 1024px\" \/><\/figure>\n","protected":false},"excerpt":{"rendered":"<p>De\u00a0 27 a 30 de outubro, o Centro Universit\u00e1rio UniFavip promover\u00e1 a primeira edi\u00e7\u00e3o do \u201cM\u00eas da Carreira\u201d. O evento&hellip;<\/p>\n","protected":false},"author":1,"featured_media":62947,"comment_status":"open","ping_status":"open","sticky":false,"template":"","format":"standard","meta":{"footnotes":""},"categories":[14120],"tags":[19936,2,19532,1950],"class_list":["post-62946","post","type-post","status-publish","format-standard","has-post-thumbnail","hentry","category-noticias","tag-1a-edicao-do-evento-mes-da-carreira-com-palestras-on-line-gratuitas-sobre-mercado-de-trabalho","tag-blog-do-edvaldo-magalhaes","tag-blog-mais-acessado-e-visualizado-de-caruaru-e-regiao","tag-noticias-de-caruaru"],"_links":{"self":[{"href":"https:\/\/blogdoedvaldomagalhaes.com.br\/index.php\/wp-json\/wp\/v2\/posts\/62946","targetHints":{"allow":["GET"]}}],"collection":[{"href":"https:\/\/blogdoedvaldomagalhaes.com.br\/index.php\/wp-json\/wp\/v2\/posts"}],"about":[{"href":"https:\/\/blogdoedvaldomagalhaes.com.br\/index.php\/wp-json\/wp\/v2\/types\/post"}],"author":[{"embeddable":true,"href":"https:\/\/blogdoedvaldomagalhaes.com.br\/index.php\/wp-json\/wp\/v2\/users\/1"}],"replies":[{"embeddable":true,"href":"https:\/\/blogdoedvaldomagalhaes.com.br\/index.php\/wp-json\/wp\/v2\/comments?post=62946"}],"version-history":[{"count":1,"href":"https:\/\/blogdoedvaldomagalhaes.com.br\/index.php\/wp-json\/wp\/v2\/posts\/62946\/revisions"}],"predecessor-version":[{"id":62949,"href":"https:\/\/blogdoedvaldomagalhaes.com.br\/index.php\/wp-json\/wp\/v2\/posts\/62946\/revisions\/62949"}],"wp:featuredmedia":[{"embeddable":true,"href":"https:\/\/blogdoedvaldomagalhaes.com.br\/index.php\/wp-json\/wp\/v2\/media\/62947"}],"wp:attachment":[{"href":"https:\/\/blogdoedvaldomagalhaes.com.br\/index.php\/wp-json\/wp\/v2\/media?parent=62946"}],"wp:term":[{"taxonomy":"category","embeddable":true,"href":"https:\/\/blogdoedvaldomagalhaes.com.br\/index.php\/wp-json\/wp\/v2\/categories?post=62946"},{"taxonomy":"post_tag","embeddable":true,"href":"https:\/\/blogdoedvaldomagalhaes.com.br\/index.php\/wp-json\/wp\/v2\/tags?post=62946"}],"curies":[{"name":"wp","href":"https:\/\/api.w.org\/{rel}","templated":true}]}}