{"id":62943,"date":"2020-10-25T20:04:55","date_gmt":"2020-10-25T23:04:55","guid":{"rendered":"https:\/\/blogdoedvaldomagalhaes.com.br\/?p=62943"},"modified":"2020-10-25T20:04:56","modified_gmt":"2020-10-25T23:04:56","slug":"pernambuco-registra-157-novos-casos-de-covid-19","status":"publish","type":"post","link":"https:\/\/blogdoedvaldomagalhaes.com.br\/index.php\/2020\/10\/25\/pernambuco-registra-157-novos-casos-de-covid-19\/","title":{"rendered":"Pernambuco registra 157 novos casos de covid-19"},"content":{"rendered":"<p style=\"text-align: justify;\">A Secretaria Estadual de Sa\u00fade (SES-PE) registrou, neste domingo (25\/10), 157 novos casos da Covid-19. Entre os confirmados hoje, 24 (15%) s\u00e3o casos de S\u00edndrome Respirat\u00f3ria Aguda Grave (SRAG) e 133 (85%) s\u00e3o leves. Agora, Pernambuco totaliza 159.377 casos confirmados da doen\u00e7a, sendo 26.898 \u00a0graves e 132.479 leves, que est\u00e3o distribu\u00eddos por todos os 184 munic\u00edpios pernambucanos, al\u00e9m do arquip\u00e9lago de Fernando de Noronha.<\/p>\n<p>Al\u00e9m disso, o boletim registra um total de 141.700 pacientes recuperados da doen\u00e7a. Destes, 17.183 eram pacientes graves, que necessitaram de internamento hospitalar, e 124.517 eram casos leves.<\/p>\n<p>Tamb\u00e9m foram confirmados laboratorialmente 10 novos \u00f3bitos (8 masculinos e 2 femininos), ocorridos desde o dia 14 de setembro. As novas mortes s\u00e3o de pessoas residentes dos munic\u00edpios de Arcoverde (1), Cal\u00e7ado (1), Caruaru (1), Exu (1), Igarassu (1), Recife (2), S\u00e3o Caetano (1), S\u00e3o Jos\u00e9 do Belmonte (1) e Trindade (1). Com isso, o Estado totaliza 8.552 mortes pela doen\u00e7a.<\/p>\n<p>Do total de mortes do informe de hoje, duas ocorreram em setembro e as demais em outubro, nos dias 21\/10 (1), 22\/10 (1), 23\/10 (4) e 24\/10 (2).<\/p>\n<p>Os pacientes tinham idades entre 45 e 92 anos. As faixas et\u00e1rias s\u00e3o: 40 a 49 (1), 60 a 69 (3), 70 a 79 (4) e 80 ou mais (2). Do total, 9 pacientes apresentavam doen\u00e7as pr\u00e9-existentes: doen\u00e7a cardiovascular (7), diabetes (4), hipertens\u00e3o (3), doen\u00e7a renal (2), obesidade (2), AVC (1), doen\u00e7a hep\u00e1tica (1) &#8211; um paciente pode ter mais de uma comorbidade. Um caso est\u00e1 em investiga\u00e7\u00e3o.<\/p>\n<p>Com rela\u00e7\u00e3o \u00e0 testagem dos profissionais de sa\u00fade com sintomas de gripe, em Pernambuco, at\u00e9 agora, 22.206 casos foram confirmados e 37.950 descartados. As testagens entre os trabalhadores do setor abrangem os profissionais de todas as unidades de sa\u00fade, sejam da rede p\u00fablica (estadual e municipal) ou privada. O Governo de Pernambuco foi o primeiro do pa\u00eds a criar um protocolo para testar e afastar os profissionais da \u00e1rea da sa\u00fade com sintomas gripais.<\/p>\n<p><strong>Foto: Bruno Leite Fiocruz\/Divulga\u00e7\u00e3o.<\/strong><\/p>\n","protected":false},"excerpt":{"rendered":"<p>A Secretaria Estadual de Sa\u00fade (SES-PE) registrou, neste domingo (25\/10), 157 novos casos da Covid-19. Entre os confirmados hoje, 24&hellip;<\/p>\n","protected":false},"author":1,"featured_media":62944,"comment_status":"open","ping_status":"open","sticky":false,"template":"","format":"standard","meta":{"footnotes":""},"categories":[14120],"tags":[2,19532,19670,19935],"class_list":["post-62943","post","type-post","status-publish","format-standard","has-post-thumbnail","hentry","category-noticias","tag-blog-do-edvaldo-magalhaes","tag-blog-mais-acessado-e-visualizado-de-caruaru-e-regiao","tag-novo-coronavirus","tag-pernambuco-registra-157-novos-casos-de-covid-19"],"_links":{"self":[{"href":"https:\/\/blogdoedvaldomagalhaes.com.br\/index.php\/wp-json\/wp\/v2\/posts\/62943","targetHints":{"allow":["GET"]}}],"collection":[{"href":"https:\/\/blogdoedvaldomagalhaes.com.br\/index.php\/wp-json\/wp\/v2\/posts"}],"about":[{"href":"https:\/\/blogdoedvaldomagalhaes.com.br\/index.php\/wp-json\/wp\/v2\/types\/post"}],"author":[{"embeddable":true,"href":"https:\/\/blogdoedvaldomagalhaes.com.br\/index.php\/wp-json\/wp\/v2\/users\/1"}],"replies":[{"embeddable":true,"href":"https:\/\/blogdoedvaldomagalhaes.com.br\/index.php\/wp-json\/wp\/v2\/comments?post=62943"}],"version-history":[{"count":1,"href":"https:\/\/blogdoedvaldomagalhaes.com.br\/index.php\/wp-json\/wp\/v2\/posts\/62943\/revisions"}],"predecessor-version":[{"id":62945,"href":"https:\/\/blogdoedvaldomagalhaes.com.br\/index.php\/wp-json\/wp\/v2\/posts\/62943\/revisions\/62945"}],"wp:featuredmedia":[{"embeddable":true,"href":"https:\/\/blogdoedvaldomagalhaes.com.br\/index.php\/wp-json\/wp\/v2\/media\/62944"}],"wp:attachment":[{"href":"https:\/\/blogdoedvaldomagalhaes.com.br\/index.php\/wp-json\/wp\/v2\/media?parent=62943"}],"wp:term":[{"taxonomy":"category","embeddable":true,"href":"https:\/\/blogdoedvaldomagalhaes.com.br\/index.php\/wp-json\/wp\/v2\/categories?post=62943"},{"taxonomy":"post_tag","embeddable":true,"href":"https:\/\/blogdoedvaldomagalhaes.com.br\/index.php\/wp-json\/wp\/v2\/tags?post=62943"}],"curies":[{"name":"wp","href":"https:\/\/api.w.org\/{rel}","templated":true}]}}