{"id":6272,"date":"2017-04-11T15:56:00","date_gmt":"2017-04-11T18:56:00","guid":{"rendered":"http:\/\/blogdoedvaldomagalhaes.com.br\/index.php\/2017\/04\/11\/deputada-pede-inclusao-do-projeto\/"},"modified":"2019-02-09T01:23:09","modified_gmt":"2019-02-09T03:23:09","slug":"deputada-pede-inclusao-do-projeto","status":"publish","type":"post","link":"https:\/\/blogdoedvaldomagalhaes.com.br\/index.php\/2017\/04\/11\/deputada-pede-inclusao-do-projeto\/","title":{"rendered":"Deputada pede inclus\u00e3o do Projeto Florestar em escola t\u00e9cnica de Caruaru"},"content":{"rendered":"<div class=\"separator\" style=\"clear: both; text-align: center;\">\n<a href=\"https:\/\/2.bp.blogspot.com\/-WcsltbiHI7I\/WOz8bcYOpHI\/AAAAAAAATR4\/y5mvMFUe4WklTXBgHYR4mGfaUeREcgJLgCLcB\/s1600\/laura.jpg\" imageanchor=\"1\" style=\"margin-left: 1em; margin-right: 1em;\"><img loading=\"lazy\" decoding=\"async\" border=\"0\" height=\"266\" src=\"http:\/\/blogdoedvaldomagalhaes.com.br\/wp-content\/uploads\/2017\/04\/laura.jpg\" width=\"400\" \/><\/a><\/div>\n<div style=\"background-color: white; border: 0px; margin-bottom: 1.5em; outline: 0px; padding: 0px; text-align: justify; vertical-align: baseline;\">\n<\/div>\n<div style=\"background-color: white; border: 0px; margin-bottom: 1.5em; outline: 0px; padding: 0px; text-align: justify; vertical-align: baseline;\">\nOs alunos da rec\u00e9m inaugurada Escola T\u00e9cnica Estadual Fernando Lyra podem ser os pioneiros na implanta\u00e7\u00e3o do Projeto Florestar, em Caruaru. A deputada Laura Gomes j\u00e1 encaminhou, no \u00faltimo dia 5, por of\u00edcio, pedido ao diretor de Articula\u00e7\u00e3o e Meio Ambiente da Compesa, Aldo Santos, para a inclus\u00e3o dos alunos da ETE na recente iniciativa da empresa na \u00e1rea ambiental. O objetivo \u00e9 ampliar o n\u00famero de \u00e1reas verdes na cidade e formar viveiristas multiplicadores, que aprender\u00e3o todo o manejo de sementes, produ\u00e7\u00e3o de mudas e cultivo de \u00e1rvores que podem se desenvolver nas zonas rural e urbana do Munic\u00edpio.<\/div>\n<div style=\"background-color: white; border: 0px; margin-bottom: 1.5em; outline: 0px; padding: 0px; text-align: justify; vertical-align: baseline;\">\nLaura Gomes vai cuidar pessoalmente da articula\u00e7\u00e3o entre a Compesa e a Secretaria Estadual de Educa\u00e7\u00e3o para implantar o projeto como uma atividade extracurricular, que certamente ter\u00e1 a ades\u00e3o animada dos jovens alunos da ETE.<\/div>\n<div style=\"background-color: white; border: 0px; margin-bottom: 1.5em; outline: 0px; padding: 0px; text-align: justify; vertical-align: baseline;\">\nO projeto pode capacitar mais de 100 alunos como viveiristas e multiplicadores. A qualifica\u00e7\u00e3o consiste em tr\u00eas etapas, come\u00e7ando com a teoria, passando pelas aulas pr\u00e1ticas at\u00e9 chegar ao mutir\u00e3o de arboriza\u00e7\u00e3o. Para Laura Gomes, conhecer as mudas, plantar e acompanhar o crescimento.<\/p>\n<div class=\"separator\" style=\"clear: both; text-align: center;\">\n<a href=\"http:\/\/blogdoedvaldomagalhaes.com.br\/wp-content\/uploads\/2017\/04\/coletivo.jpg\" imageanchor=\"1\" style=\"clear: left; float: left; margin-bottom: 1em; margin-right: 1em;\"><img decoding=\"async\" border=\"0\" src=\"http:\/\/blogdoedvaldomagalhaes.com.br\/wp-content\/uploads\/2017\/04\/coletivo.jpg\" \/><\/a><\/div>\n<p><\/div>\n","protected":false},"excerpt":{"rendered":"<p>Os alunos da rec\u00e9m inaugurada Escola T\u00e9cnica Estadual Fernando Lyra podem ser os pioneiros na implanta\u00e7\u00e3o do Projeto Florestar, em&hellip;<\/p>\n","protected":false},"author":1,"featured_media":0,"comment_status":"open","ping_status":"open","sticky":false,"template":"","format":"standard","meta":{"footnotes":""},"categories":[1],"tags":[2,8435,8436,3341,20,381],"class_list":["post-6272","post","type-post","status-publish","format-standard","hentry","category-sem-categoria","tag-blog-do-edvaldo-magalhaes","tag-deputada-pede-inclusao-do-projeto-florestar-em-escola-tecnica-de-caruaru","tag-ete","tag-laura-gomes","tag-politica","tag-psb"],"_links":{"self":[{"href":"https:\/\/blogdoedvaldomagalhaes.com.br\/index.php\/wp-json\/wp\/v2\/posts\/6272","targetHints":{"allow":["GET"]}}],"collection":[{"href":"https:\/\/blogdoedvaldomagalhaes.com.br\/index.php\/wp-json\/wp\/v2\/posts"}],"about":[{"href":"https:\/\/blogdoedvaldomagalhaes.com.br\/index.php\/wp-json\/wp\/v2\/types\/post"}],"author":[{"embeddable":true,"href":"https:\/\/blogdoedvaldomagalhaes.com.br\/index.php\/wp-json\/wp\/v2\/users\/1"}],"replies":[{"embeddable":true,"href":"https:\/\/blogdoedvaldomagalhaes.com.br\/index.php\/wp-json\/wp\/v2\/comments?post=6272"}],"version-history":[{"count":1,"href":"https:\/\/blogdoedvaldomagalhaes.com.br\/index.php\/wp-json\/wp\/v2\/posts\/6272\/revisions"}],"predecessor-version":[{"id":18649,"href":"https:\/\/blogdoedvaldomagalhaes.com.br\/index.php\/wp-json\/wp\/v2\/posts\/6272\/revisions\/18649"}],"wp:attachment":[{"href":"https:\/\/blogdoedvaldomagalhaes.com.br\/index.php\/wp-json\/wp\/v2\/media?parent=6272"}],"wp:term":[{"taxonomy":"category","embeddable":true,"href":"https:\/\/blogdoedvaldomagalhaes.com.br\/index.php\/wp-json\/wp\/v2\/categories?post=6272"},{"taxonomy":"post_tag","embeddable":true,"href":"https:\/\/blogdoedvaldomagalhaes.com.br\/index.php\/wp-json\/wp\/v2\/tags?post=6272"}],"curies":[{"name":"wp","href":"https:\/\/api.w.org\/{rel}","templated":true}]}}