{"id":6270,"date":"2017-04-11T18:05:00","date_gmt":"2017-04-11T21:05:00","guid":{"rendered":"http:\/\/blogdoedvaldomagalhaes.com.br\/index.php\/2017\/04\/11\/geraldinho-responde-bem-ao-tratamento\/"},"modified":"2019-02-09T01:23:10","modified_gmt":"2019-02-09T03:23:10","slug":"geraldinho-responde-bem-ao-tratamento","status":"publish","type":"post","link":"https:\/\/blogdoedvaldomagalhaes.com.br\/index.php\/2017\/04\/11\/geraldinho-responde-bem-ao-tratamento\/","title":{"rendered":"Geraldinho responde bem ao tratamento, mas deve ficar com sequelas"},"content":{"rendered":"<div class=\"separator\" style=\"clear: both; text-align: center;\">\n<a href=\"https:\/\/3.bp.blogspot.com\/-nhRSnwJDUe8\/WO0ZkeFIHzI\/AAAAAAAATS8\/Rd1hWSAxzEQSOH1EJoMsi6ptDRP1FeJuwCLcB\/s1600\/geraldibnho.jpg\" imageanchor=\"1\" style=\"margin-left: 1em; margin-right: 1em;\"><img loading=\"lazy\" decoding=\"async\" border=\"0\" height=\"400\" src=\"http:\/\/blogdoedvaldomagalhaes.com.br\/wp-content\/uploads\/2017\/04\/geraldibnho.jpg\" width=\"300\" \/><\/a><\/div>\n<div class=\"separator\" style=\"clear: both; text-align: center;\">\n<\/div>\n<div class=\"MsoNormal\" style=\"background: white; line-height: normal; margin-bottom: 0cm; text-align: justify;\">\nGeraldo Jos\u00e9 da Silva Filho (Geraldinho), de 23 anos, \u00fanico sobrevivente de uma fam\u00edlia v\u00edtima de assassinos no \u00faltimo dia 21, no s\u00edtio Lagoa do Paulista, zona rural de Caruaru. Geraldinho continua na UTI do Hospital da Restaura\u00e7\u00e3o (HR), mas j\u00e1 respira sem ajuda dos aparelhos, responde a est\u00edmulos, responde bem ao tratamento. Ele ainda n\u00e3o sabe que o pai, a m\u00e3e e a irm\u00e3 foram assassinados.<\/div>\n<div class=\"MsoNormal\" style=\"background: white; line-height: normal; margin-bottom: 0cm; text-align: justify;\">\n<\/div>\n<div class=\"MsoNormal\" style=\"background: white; line-height: normal; margin-bottom: 0cm; text-align: justify;\">\nDe acordo com a m\u00e9dica, Geraldo Filho foi atingido por um tiro na cabe\u00e7a e outro em um dos bra\u00e7os. A les\u00e3o no cotovelo tamb\u00e9m dificulta a movimenta\u00e7\u00e3o do membro superior. O paciente deu entrada no Hospital da Restaura\u00e7\u00e3o na madrugada do \u00faltimo dia 22. Ele passou por uma neurocirurgia e e uma cirurgia ortop\u00e9dica.<\/div>\n<div class=\"MsoNormal\" style=\"background: white; line-height: normal; margin-bottom: 0cm; text-align: justify;\">\n<br \/>Geraldo Filho tamb\u00e9m atende a comando de voz: quando os m\u00e9dicos chamam seu nome, ele reage abrindo os olhos. O estado de sa\u00fade do jovem \u00e9 est\u00e1vel. N\u00e3o h\u00e1 previs\u00e3o de sa\u00edda da Unidade de Terapia Intensiva (UTI), nem de alta do hospital.<\/p>\n<div class=\"separator\" style=\"clear: both; text-align: center;\">\n<a href=\"http:\/\/blogdoedvaldomagalhaes.com.br\/wp-content\/uploads\/2017\/04\/4-C393tica-11.jpg\" imageanchor=\"1\" style=\"clear: left; float: left; margin-bottom: 1em; margin-right: 1em;\"><img decoding=\"async\" border=\"0\" src=\"http:\/\/blogdoedvaldomagalhaes.com.br\/wp-content\/uploads\/2017\/04\/4-C393tica-11.jpg\" \/><\/a><\/div>\n<p><\/div>\n<p><\/p>\n","protected":false},"excerpt":{"rendered":"<p>Geraldo Jos\u00e9 da Silva Filho (Geraldinho), de 23 anos, \u00fanico sobrevivente de uma fam\u00edlia v\u00edtima de assassinos no \u00faltimo dia&hellip;<\/p>\n","protected":false},"author":1,"featured_media":0,"comment_status":"open","ping_status":"open","sticky":false,"template":"","format":"standard","meta":{"footnotes":""},"categories":[1],"tags":[2,8429,8430,8431,6,3451],"class_list":["post-6270","post","type-post","status-publish","format-standard","hentry","category-sem-categoria","tag-blog-do-edvaldo-magalhaes","tag-geraldinho-responde-bem-ao-tratamento","tag-hr","tag-mas-deve-ficar-com-sequelas","tag-noticias","tag-uti"],"_links":{"self":[{"href":"https:\/\/blogdoedvaldomagalhaes.com.br\/index.php\/wp-json\/wp\/v2\/posts\/6270","targetHints":{"allow":["GET"]}}],"collection":[{"href":"https:\/\/blogdoedvaldomagalhaes.com.br\/index.php\/wp-json\/wp\/v2\/posts"}],"about":[{"href":"https:\/\/blogdoedvaldomagalhaes.com.br\/index.php\/wp-json\/wp\/v2\/types\/post"}],"author":[{"embeddable":true,"href":"https:\/\/blogdoedvaldomagalhaes.com.br\/index.php\/wp-json\/wp\/v2\/users\/1"}],"replies":[{"embeddable":true,"href":"https:\/\/blogdoedvaldomagalhaes.com.br\/index.php\/wp-json\/wp\/v2\/comments?post=6270"}],"version-history":[{"count":1,"href":"https:\/\/blogdoedvaldomagalhaes.com.br\/index.php\/wp-json\/wp\/v2\/posts\/6270\/revisions"}],"predecessor-version":[{"id":18655,"href":"https:\/\/blogdoedvaldomagalhaes.com.br\/index.php\/wp-json\/wp\/v2\/posts\/6270\/revisions\/18655"}],"wp:attachment":[{"href":"https:\/\/blogdoedvaldomagalhaes.com.br\/index.php\/wp-json\/wp\/v2\/media?parent=6270"}],"wp:term":[{"taxonomy":"category","embeddable":true,"href":"https:\/\/blogdoedvaldomagalhaes.com.br\/index.php\/wp-json\/wp\/v2\/categories?post=6270"},{"taxonomy":"post_tag","embeddable":true,"href":"https:\/\/blogdoedvaldomagalhaes.com.br\/index.php\/wp-json\/wp\/v2\/tags?post=6270"}],"curies":[{"name":"wp","href":"https:\/\/api.w.org\/{rel}","templated":true}]}}