{"id":6269,"date":"2017-04-11T18:07:00","date_gmt":"2017-04-11T21:07:00","guid":{"rendered":"http:\/\/blogdoedvaldomagalhaes.com.br\/index.php\/2017\/04\/11\/rogerio-meneses-e-o-novo-presidente-do\/"},"modified":"2019-02-09T01:23:10","modified_gmt":"2019-02-09T03:23:10","slug":"rogerio-meneses-e-o-novo-presidente-do","status":"publish","type":"post","link":"https:\/\/blogdoedvaldomagalhaes.com.br\/index.php\/2017\/04\/11\/rogerio-meneses-e-o-novo-presidente-do\/","title":{"rendered":"Rog\u00e9rio Meneses \u00e9 o novo presidente do PT Caruaru"},"content":{"rendered":"<div class=\"separator\" style=\"clear: both; text-align: center;\">\n<a href=\"https:\/\/1.bp.blogspot.com\/-WzkRrKoi_wo\/WO0bRW3NORI\/AAAAAAAATTE\/Tl1GEm0VZPMjIOqY0_JNETCydiC6Y2OIACLcB\/s1600\/rog%25C3%25A9rio.jpg\" imageanchor=\"1\" style=\"margin-left: 1em; margin-right: 1em;\"><img loading=\"lazy\" decoding=\"async\" border=\"0\" height=\"272\" src=\"http:\/\/blogdoedvaldomagalhaes.com.br\/wp-content\/uploads\/2017\/04\/rogC3A9rio.jpg\" width=\"400\" \/><\/a><\/div>\n<div class=\"separator\" style=\"clear: both; text-align: center;\">\nFoto: Reprodu\u00e7\u00e3o\/Internet<\/div>\n<p><\/p>\n<div style=\"background-color: white; border: 0px; margin-bottom: 1.5em; outline: 0px; padding: 0px; text-align: justify; vertical-align: baseline;\">\nRog\u00e9rio Meneses ganhou a prefer\u00eancia do novo diret\u00f3rio municipal do Partido dos Trabalhadores de Caruaru, e vai assumir a presid\u00eancia do PT no lugar de Adilson Lira. Rog\u00e9rio disputou o cargo com o advogado Ant\u00f4nio Carvalho, e volta a assumir a presid\u00eancia do partido.<\/div>\n<div style=\"background-color: white; border: 0px; margin-bottom: 1.5em; outline: 0px; padding: 0px; text-align: justify; vertical-align: baseline;\">\nA defini\u00e7\u00e3o ocorreu nesta ter\u00e7a-feira (11), quando os filiados se reuniram e indicaram o nome de Rog\u00e9rio &nbsp;para comandar o PT na cidade. O atual presidente, Adilson Lira, n\u00e3o p\u00f4de concorrer a elei\u00e7\u00e3o, devido a problemas internos.&nbsp;<\/p>\n<div class=\"separator\" style=\"clear: both; text-align: center;\">\n<a href=\"http:\/\/blogdoedvaldomagalhaes.com.br\/wp-content\/uploads\/2017\/04\/5-Saga-10.jpg\" imageanchor=\"1\" style=\"clear: left; float: left; margin-bottom: 1em; margin-right: 1em;\"><img decoding=\"async\" border=\"0\" src=\"http:\/\/blogdoedvaldomagalhaes.com.br\/wp-content\/uploads\/2017\/04\/5-Saga-10.jpg\" \/><\/a><\/div>\n<\/div>\n","protected":false},"excerpt":{"rendered":"<p>Foto: Reprodu\u00e7\u00e3o\/Internet Rog\u00e9rio Meneses ganhou a prefer\u00eancia do novo diret\u00f3rio municipal do Partido dos Trabalhadores de Caruaru, e vai assumir&hellip;<\/p>\n","protected":false},"author":1,"featured_media":0,"comment_status":"open","ping_status":"open","sticky":false,"template":"","format":"standard","meta":{"footnotes":""},"categories":[1],"tags":[2410,2,20,8428],"class_list":["post-6269","post","type-post","status-publish","format-standard","hentry","category-sem-categoria","tag-adilson-lira","tag-blog-do-edvaldo-magalhaes","tag-politica","tag-rogerio-meneses-e-o-novo-presidente-do-pt-caruaru"],"_links":{"self":[{"href":"https:\/\/blogdoedvaldomagalhaes.com.br\/index.php\/wp-json\/wp\/v2\/posts\/6269","targetHints":{"allow":["GET"]}}],"collection":[{"href":"https:\/\/blogdoedvaldomagalhaes.com.br\/index.php\/wp-json\/wp\/v2\/posts"}],"about":[{"href":"https:\/\/blogdoedvaldomagalhaes.com.br\/index.php\/wp-json\/wp\/v2\/types\/post"}],"author":[{"embeddable":true,"href":"https:\/\/blogdoedvaldomagalhaes.com.br\/index.php\/wp-json\/wp\/v2\/users\/1"}],"replies":[{"embeddable":true,"href":"https:\/\/blogdoedvaldomagalhaes.com.br\/index.php\/wp-json\/wp\/v2\/comments?post=6269"}],"version-history":[{"count":1,"href":"https:\/\/blogdoedvaldomagalhaes.com.br\/index.php\/wp-json\/wp\/v2\/posts\/6269\/revisions"}],"predecessor-version":[{"id":18658,"href":"https:\/\/blogdoedvaldomagalhaes.com.br\/index.php\/wp-json\/wp\/v2\/posts\/6269\/revisions\/18658"}],"wp:attachment":[{"href":"https:\/\/blogdoedvaldomagalhaes.com.br\/index.php\/wp-json\/wp\/v2\/media?parent=6269"}],"wp:term":[{"taxonomy":"category","embeddable":true,"href":"https:\/\/blogdoedvaldomagalhaes.com.br\/index.php\/wp-json\/wp\/v2\/categories?post=6269"},{"taxonomy":"post_tag","embeddable":true,"href":"https:\/\/blogdoedvaldomagalhaes.com.br\/index.php\/wp-json\/wp\/v2\/tags?post=6269"}],"curies":[{"name":"wp","href":"https:\/\/api.w.org\/{rel}","templated":true}]}}