{"id":62669,"date":"2020-10-19T13:50:23","date_gmt":"2020-10-19T16:50:23","guid":{"rendered":"https:\/\/blogdoedvaldomagalhaes.com.br\/?p=62669"},"modified":"2020-10-19T13:50:24","modified_gmt":"2020-10-19T16:50:24","slug":"marcelo-gomes-assina-carta-compromisso-em-apoio-a-autistas-e-familiares","status":"publish","type":"post","link":"https:\/\/blogdoedvaldomagalhaes.com.br\/index.php\/2020\/10\/19\/marcelo-gomes-assina-carta-compromisso-em-apoio-a-autistas-e-familiares\/","title":{"rendered":"Marcelo Gomes assina carta-compromisso em apoio a autistas e familiares"},"content":{"rendered":"<p style=\"text-align: justify;\"><span style=\"font-size: inherit;\">O candidato a prefeito de Marcelo Gomes (PSB), assinou carta-compromisso com a Associa\u00e7\u00e3o Mundo Azul (AMA), que re\u00fane familiares de pessoas com o Transtorno do Espectro Autista (TEA), comumente conhecido como autismo.<\/span><\/p>\n<p style=\"text-align: justify;\">Apoiar causas como essa, para Marcelo, \u00e9 prioridade, seja no per\u00edodo pleito eleitoral, como tamb\u00e9m em seu mandato como gestor municipal. Ele destacou projetos de lei e audi\u00eancias p\u00fablicas tento em pauta os direitos das pessoas com defici\u00eancia e falou ainda da decis\u00e3o de suspender uso de fogos com ru\u00eddo. \u201cCuidar dos que mais precisam \u00e9 essencial, para que toda a cidade possa crescer. Por isso, estar disposto a ouvir essas demandas \u00e9 muito importante para mim, n\u00e3o apenas como pol\u00edtico, mas tamb\u00e9m como pai\u201d, destacou o candidato.<\/p>\n<p style=\"text-align: justify;\">O documento traz alguns pontos que facilitam a inclus\u00e3o dos autistas em diversos ambientes sociais, como escola e espa\u00e7os p\u00fablicos, como o acompanhamento de todo o aluno com TEA na rede regular de ensino municipal, implanta\u00e7\u00e3o do Plano Educacional Individual para estabelecer um planejamento individualizado para cada necessidade, al\u00e9m do mapeamento de pessoas com autismo nos sistemas p\u00fablico e privado de sa\u00fade.<\/p>\n<p style=\"text-align: justify;\">Segundo a vice-presidente da AMA, M\u00e1rcia Carvalho, adotar essas medidas ir\u00e1 proporcionar uma desburocratiza\u00e7\u00e3o do atendimento ao paciente autista e o acolhimento aos familiares, permitindo um maior acesso a informa\u00e7\u00f5es necess\u00e1rias, para um diagn\u00f3stico e tratamento precisos. \u201cQuanto mais cedo o TEA for diagnosticado, \u00e9 mais poss\u00edvel um cuidado eficaz. Precisamos ter uma base para facilitar a vida de todos e trazer mais agilidade\u201d, conta M\u00e1rcia.<\/p>\n\n\n<figure class=\"wp-block-image size-large\"><img loading=\"lazy\" decoding=\"async\" width=\"1024\" height=\"682\" src=\"https:\/\/blogdoedvaldomagalhaes.com.br\/wp-content\/uploads\/2020\/10\/IMG-20201019-WA0033-1024x682.jpg\" alt=\"\" class=\"wp-image-62670\" srcset=\"https:\/\/blogdoedvaldomagalhaes.com.br\/wp-content\/uploads\/2020\/10\/IMG-20201019-WA0033-1024x682.jpg 1024w, https:\/\/blogdoedvaldomagalhaes.com.br\/wp-content\/uploads\/2020\/10\/IMG-20201019-WA0033-300x200.jpg 300w, https:\/\/blogdoedvaldomagalhaes.com.br\/wp-content\/uploads\/2020\/10\/IMG-20201019-WA0033-768x512.jpg 768w, https:\/\/blogdoedvaldomagalhaes.com.br\/wp-content\/uploads\/2020\/10\/IMG-20201019-WA0033.jpg 1280w\" sizes=\"auto, (max-width: 1024px) 100vw, 1024px\" \/><figcaption>Fotos: Miva Filho<\/figcaption><\/figure>\n\n\n\n\n<p style=\"text-align: justify;\"><span style=\"font-size: inherit;\">Marcelo Gomes e A\u00edlza Trajano, visitaram o distrito do Muric\u00ed. Durante passagem pelo local, eles puderam ouvir as demandas dos moradores e comerciantes, verificando problemas da infraestrutura do local.<\/span><\/p>\n<p style=\"text-align: justify;\">Uma das queixas mais recorrentes foi em rela\u00e7\u00e3o ao cal\u00e7amento e saneamento do local. Algumas ruas n\u00e3o foram contempladas por obas da gest\u00e3o municipal. O acesso a algumas resid\u00eancias apresentou diversas dificuldades. \u201cCarros, motos e at\u00e9 caminh\u00f5es enfrentam dificuldades de passar por algumas vias. Vamos fazer um planejamento realmente eficaz, focado em trazer melhorias necess\u00e1rias para essa regi\u00e3o\u201d, conta Marcelo.<\/p>","protected":false},"excerpt":{"rendered":"<p>O candidato a prefeito de Marcelo Gomes (PSB), assinou carta-compromisso com a Associa\u00e7\u00e3o Mundo Azul (AMA), que re\u00fane familiares de&hellip;<\/p>\n","protected":false},"author":1,"featured_media":62671,"comment_status":"open","ping_status":"open","sticky":false,"template":"","format":"standard","meta":{"footnotes":""},"categories":[14122],"tags":[2,19532,19868,20,381],"class_list":["post-62669","post","type-post","status-publish","format-standard","has-post-thumbnail","hentry","category-politica","tag-blog-do-edvaldo-magalhaes","tag-blog-mais-acessado-e-visualizado-de-caruaru-e-regiao","tag-marcelo-gomes-assina-carta-compromisso-em-apoio-a-autistas-e-familiares","tag-politica","tag-psb"],"_links":{"self":[{"href":"https:\/\/blogdoedvaldomagalhaes.com.br\/index.php\/wp-json\/wp\/v2\/posts\/62669","targetHints":{"allow":["GET"]}}],"collection":[{"href":"https:\/\/blogdoedvaldomagalhaes.com.br\/index.php\/wp-json\/wp\/v2\/posts"}],"about":[{"href":"https:\/\/blogdoedvaldomagalhaes.com.br\/index.php\/wp-json\/wp\/v2\/types\/post"}],"author":[{"embeddable":true,"href":"https:\/\/blogdoedvaldomagalhaes.com.br\/index.php\/wp-json\/wp\/v2\/users\/1"}],"replies":[{"embeddable":true,"href":"https:\/\/blogdoedvaldomagalhaes.com.br\/index.php\/wp-json\/wp\/v2\/comments?post=62669"}],"version-history":[{"count":1,"href":"https:\/\/blogdoedvaldomagalhaes.com.br\/index.php\/wp-json\/wp\/v2\/posts\/62669\/revisions"}],"predecessor-version":[{"id":62672,"href":"https:\/\/blogdoedvaldomagalhaes.com.br\/index.php\/wp-json\/wp\/v2\/posts\/62669\/revisions\/62672"}],"wp:featuredmedia":[{"embeddable":true,"href":"https:\/\/blogdoedvaldomagalhaes.com.br\/index.php\/wp-json\/wp\/v2\/media\/62671"}],"wp:attachment":[{"href":"https:\/\/blogdoedvaldomagalhaes.com.br\/index.php\/wp-json\/wp\/v2\/media?parent=62669"}],"wp:term":[{"taxonomy":"category","embeddable":true,"href":"https:\/\/blogdoedvaldomagalhaes.com.br\/index.php\/wp-json\/wp\/v2\/categories?post=62669"},{"taxonomy":"post_tag","embeddable":true,"href":"https:\/\/blogdoedvaldomagalhaes.com.br\/index.php\/wp-json\/wp\/v2\/tags?post=62669"}],"curies":[{"name":"wp","href":"https:\/\/api.w.org\/{rel}","templated":true}]}}