{"id":62666,"date":"2020-10-19T13:30:55","date_gmt":"2020-10-19T16:30:55","guid":{"rendered":"https:\/\/blogdoedvaldomagalhaes.com.br\/?p=62666"},"modified":"2020-10-19T13:30:57","modified_gmt":"2020-10-19T16:30:57","slug":"lessa-aumenta-o-ritmo-de-agenda-em-caruaru","status":"publish","type":"post","link":"https:\/\/blogdoedvaldomagalhaes.com.br\/index.php\/2020\/10\/19\/lessa-aumenta-o-ritmo-de-agenda-em-caruaru\/","title":{"rendered":"Lessa aumenta o ritmo de agenda em Caruaru"},"content":{"rendered":"<p style=\"text-align: justify;\"><span style=\"font-size: inherit;\">O candidato a prefeito pelo Progressistas, Delegado Lessa, vem intensificando sua agenda de atividades. Al\u00e9m de reuni\u00f5es, visitas e di\u00e1logos, no \u00faltimo fim de semana Lessa desenvolveu agendas de rua criativas, apresentando suas plataformas pol\u00edticas com entusiasmo e responsabilidade. Conversando com a popula\u00e7\u00e3o, o Delegado afirma que \u00e9 crescente a ades\u00e3o dos caruaruenses ao projeto de cuidar das pessoas.<\/span><\/p>\n<p style=\"text-align: justify;\">Entre as a\u00e7\u00f5es, houve a \u2018Ronda do Delega\u2019. Como o nome sugere, a atividade consiste em visitas a bairros, proporcionando uma intera\u00e7\u00e3o entre o candidato e a popula\u00e7\u00e3o. No s\u00e1bado (17), a \u2018Ronda\u2019 aconteceu nos bairros Salgado e S\u00e3o Jo\u00e3o da Esc\u00f3cia, mobilizando centenas de pessoas, de forma espont\u00e2nea e volunt\u00e1ria, com a mensagem que Caruaru quer uma mudan\u00e7a no cen\u00e1rio pol\u00edtico. No domingo (18), Lessa realizou porta a porta em localidades como Alto do Moura e Residencial Alto do Moura. Adotando as medidas sanit\u00e1rias recomendadas e com equipe reduzida, Lessa recebeu gestos de carinho e apoio dos moradores, que reafirmaram a esperan\u00e7a de transforma\u00e7\u00e3o nas pr\u00e1ticas pol\u00edticas do munic\u00edpio.<\/p>\n<p style=\"text-align: justify;\">A criatividade vista nas ruas tamb\u00e9m est\u00e1 presente nas telas. O Delegado Lessa continua utilizando as redes sociais para se comunicar com o p\u00fablico. Regularmente, ele realiza lives pelo Facebook e seu material de campanha conta com um QR Code que direciona o usu\u00e1rio para baixar uma vers\u00e3o on-line do Plano de Governo.<\/p>\n<p style=\"text-align: justify;\">Foto: Viliane Gomes<\/p>\n","protected":false},"excerpt":{"rendered":"<p>O candidato a prefeito pelo Progressistas, Delegado Lessa, vem intensificando sua agenda de atividades. Al\u00e9m de reuni\u00f5es, visitas e di\u00e1logos,&hellip;<\/p>\n","protected":false},"author":1,"featured_media":62667,"comment_status":"open","ping_status":"open","sticky":false,"template":"","format":"standard","meta":{"footnotes":""},"categories":[14122],"tags":[2,19418,19866,20],"class_list":["post-62666","post","type-post","status-publish","format-standard","has-post-thumbnail","hentry","category-politica","tag-blog-do-edvaldo-magalhaes","tag-blog-mais-acessado-de-caruaru-e-regiao","tag-lessa-aumenta-o-ritmo-de-agenda-em-caruaru","tag-politica"],"_links":{"self":[{"href":"https:\/\/blogdoedvaldomagalhaes.com.br\/index.php\/wp-json\/wp\/v2\/posts\/62666","targetHints":{"allow":["GET"]}}],"collection":[{"href":"https:\/\/blogdoedvaldomagalhaes.com.br\/index.php\/wp-json\/wp\/v2\/posts"}],"about":[{"href":"https:\/\/blogdoedvaldomagalhaes.com.br\/index.php\/wp-json\/wp\/v2\/types\/post"}],"author":[{"embeddable":true,"href":"https:\/\/blogdoedvaldomagalhaes.com.br\/index.php\/wp-json\/wp\/v2\/users\/1"}],"replies":[{"embeddable":true,"href":"https:\/\/blogdoedvaldomagalhaes.com.br\/index.php\/wp-json\/wp\/v2\/comments?post=62666"}],"version-history":[{"count":1,"href":"https:\/\/blogdoedvaldomagalhaes.com.br\/index.php\/wp-json\/wp\/v2\/posts\/62666\/revisions"}],"predecessor-version":[{"id":62668,"href":"https:\/\/blogdoedvaldomagalhaes.com.br\/index.php\/wp-json\/wp\/v2\/posts\/62666\/revisions\/62668"}],"wp:featuredmedia":[{"embeddable":true,"href":"https:\/\/blogdoedvaldomagalhaes.com.br\/index.php\/wp-json\/wp\/v2\/media\/62667"}],"wp:attachment":[{"href":"https:\/\/blogdoedvaldomagalhaes.com.br\/index.php\/wp-json\/wp\/v2\/media?parent=62666"}],"wp:term":[{"taxonomy":"category","embeddable":true,"href":"https:\/\/blogdoedvaldomagalhaes.com.br\/index.php\/wp-json\/wp\/v2\/categories?post=62666"},{"taxonomy":"post_tag","embeddable":true,"href":"https:\/\/blogdoedvaldomagalhaes.com.br\/index.php\/wp-json\/wp\/v2\/tags?post=62666"}],"curies":[{"name":"wp","href":"https:\/\/api.w.org\/{rel}","templated":true}]}}