{"id":62603,"date":"2020-10-17T15:35:36","date_gmt":"2020-10-17T18:35:36","guid":{"rendered":"https:\/\/blogdoedvaldomagalhaes.com.br\/?p=62603"},"modified":"2020-10-17T15:35:37","modified_gmt":"2020-10-17T18:35:37","slug":"carga-de-carne-roubada-e-recuperada-em-pernambuco-populares-saqueiam-parte-da-mercadoria","status":"publish","type":"post","link":"https:\/\/blogdoedvaldomagalhaes.com.br\/index.php\/2020\/10\/17\/carga-de-carne-roubada-e-recuperada-em-pernambuco-populares-saqueiam-parte-da-mercadoria\/","title":{"rendered":"Carga de carne roubada \u00e9 recuperada em Pernambuco; Populares saqueiam parte da mercadoria"},"content":{"rendered":"<p style=\"text-align: justify;\"><span style=\"font-size: inherit;\">Uma carga de carne bovina foi recuperada na sexta-feira (16), pela Pol\u00edcia Rodovi\u00e1ria Federal (PRF) \u00e0s margens da BR 101, em Ipojuca, na Zona da Mata Sul de Pernambuco. O ve\u00edculo havia sido roubado horas antes pr\u00f3ximo de Moreno, na Regi\u00e3o Metropolitana do Recife.<\/span><\/p>\n<p style=\"text-align: justify;\">Policiais perceberam uma movimenta\u00e7\u00e3o de pessoas em um canavial, mas quando se aproximaram o grupo correu do local. Ao encontrarem o ve\u00edculo abandonado em uma estrada de terra pr\u00f3ximo ao Km 115 da rodovia, foi constatado que uma parte da mercadoria havia sido levada por populares.<\/p>\n<p style=\"text-align: justify;\">A equipe fez contato com a empresa propriet\u00e1ria da carga e encaminhou o ve\u00edculo \u00e0 Delegacia de Pol\u00edcia Civil do Cabo de Santo Agostinho, no Grande Recife.<\/p>\n\n\n<figure class=\"wp-block-image size-large\"><img loading=\"lazy\" decoding=\"async\" width=\"1024\" height=\"768\" src=\"https:\/\/blogdoedvaldomagalhaes.com.br\/wp-content\/uploads\/2020\/10\/IMG-20201017-WA0075-1024x768.jpg\" alt=\"\" class=\"wp-image-62605\" srcset=\"https:\/\/blogdoedvaldomagalhaes.com.br\/wp-content\/uploads\/2020\/10\/IMG-20201017-WA0075-1024x768.jpg 1024w, https:\/\/blogdoedvaldomagalhaes.com.br\/wp-content\/uploads\/2020\/10\/IMG-20201017-WA0075-300x225.jpg 300w, https:\/\/blogdoedvaldomagalhaes.com.br\/wp-content\/uploads\/2020\/10\/IMG-20201017-WA0075-768x576.jpg 768w, https:\/\/blogdoedvaldomagalhaes.com.br\/wp-content\/uploads\/2020\/10\/IMG-20201017-WA0075-160x120.jpg 160w, https:\/\/blogdoedvaldomagalhaes.com.br\/wp-content\/uploads\/2020\/10\/IMG-20201017-WA0075.jpg 1152w\" sizes=\"auto, (max-width: 1024px) 100vw, 1024px\" \/><\/figure>\n\n\n\n<figure class=\"wp-block-image size-large\"><img loading=\"lazy\" decoding=\"async\" width=\"1024\" height=\"768\" src=\"https:\/\/blogdoedvaldomagalhaes.com.br\/wp-content\/uploads\/2020\/10\/IMG-20201017-WA0077-1024x768.jpg\" alt=\"\" class=\"wp-image-62606\" srcset=\"https:\/\/blogdoedvaldomagalhaes.com.br\/wp-content\/uploads\/2020\/10\/IMG-20201017-WA0077-1024x768.jpg 1024w, https:\/\/blogdoedvaldomagalhaes.com.br\/wp-content\/uploads\/2020\/10\/IMG-20201017-WA0077-300x225.jpg 300w, https:\/\/blogdoedvaldomagalhaes.com.br\/wp-content\/uploads\/2020\/10\/IMG-20201017-WA0077-768x576.jpg 768w, https:\/\/blogdoedvaldomagalhaes.com.br\/wp-content\/uploads\/2020\/10\/IMG-20201017-WA0077-160x120.jpg 160w, https:\/\/blogdoedvaldomagalhaes.com.br\/wp-content\/uploads\/2020\/10\/IMG-20201017-WA0077.jpg 1152w\" sizes=\"auto, (max-width: 1024px) 100vw, 1024px\" \/><figcaption>Fotos:PRF\/Divulga\u00e7\u00e3o<\/figcaption><\/figure>\n","protected":false},"excerpt":{"rendered":"<p>Uma carga de carne bovina foi recuperada na sexta-feira (16), pela Pol\u00edcia Rodovi\u00e1ria Federal (PRF) \u00e0s margens da BR 101,&hellip;<\/p>\n","protected":false},"author":1,"featured_media":62604,"comment_status":"open","ping_status":"open","sticky":false,"template":"","format":"standard","meta":{"footnotes":""},"categories":[1],"tags":[2,19532,19848,6],"class_list":["post-62603","post","type-post","status-publish","format-standard","has-post-thumbnail","hentry","category-sem-categoria","tag-blog-do-edvaldo-magalhaes","tag-blog-mais-acessado-e-visualizado-de-caruaru-e-regiao","tag-carga-de-carne-roubada-e-recuperada-em-pernambuco-populares-saqueiam-parte-da-mercadoria","tag-noticias"],"_links":{"self":[{"href":"https:\/\/blogdoedvaldomagalhaes.com.br\/index.php\/wp-json\/wp\/v2\/posts\/62603","targetHints":{"allow":["GET"]}}],"collection":[{"href":"https:\/\/blogdoedvaldomagalhaes.com.br\/index.php\/wp-json\/wp\/v2\/posts"}],"about":[{"href":"https:\/\/blogdoedvaldomagalhaes.com.br\/index.php\/wp-json\/wp\/v2\/types\/post"}],"author":[{"embeddable":true,"href":"https:\/\/blogdoedvaldomagalhaes.com.br\/index.php\/wp-json\/wp\/v2\/users\/1"}],"replies":[{"embeddable":true,"href":"https:\/\/blogdoedvaldomagalhaes.com.br\/index.php\/wp-json\/wp\/v2\/comments?post=62603"}],"version-history":[{"count":1,"href":"https:\/\/blogdoedvaldomagalhaes.com.br\/index.php\/wp-json\/wp\/v2\/posts\/62603\/revisions"}],"predecessor-version":[{"id":62607,"href":"https:\/\/blogdoedvaldomagalhaes.com.br\/index.php\/wp-json\/wp\/v2\/posts\/62603\/revisions\/62607"}],"wp:featuredmedia":[{"embeddable":true,"href":"https:\/\/blogdoedvaldomagalhaes.com.br\/index.php\/wp-json\/wp\/v2\/media\/62604"}],"wp:attachment":[{"href":"https:\/\/blogdoedvaldomagalhaes.com.br\/index.php\/wp-json\/wp\/v2\/media?parent=62603"}],"wp:term":[{"taxonomy":"category","embeddable":true,"href":"https:\/\/blogdoedvaldomagalhaes.com.br\/index.php\/wp-json\/wp\/v2\/categories?post=62603"},{"taxonomy":"post_tag","embeddable":true,"href":"https:\/\/blogdoedvaldomagalhaes.com.br\/index.php\/wp-json\/wp\/v2\/tags?post=62603"}],"curies":[{"name":"wp","href":"https:\/\/api.w.org\/{rel}","templated":true}]}}