{"id":62598,"date":"2020-10-17T14:38:20","date_gmt":"2020-10-17T17:38:20","guid":{"rendered":"https:\/\/blogdoedvaldomagalhaes.com.br\/?p=62598"},"modified":"2020-10-17T14:43:44","modified_gmt":"2020-10-17T17:43:44","slug":"homicida-foragido-do-regime-semiaberto-e-detido-apos-tentar-atropelar-policiais-em-sao-caitano","status":"publish","type":"post","link":"https:\/\/blogdoedvaldomagalhaes.com.br\/index.php\/2020\/10\/17\/homicida-foragido-do-regime-semiaberto-e-detido-apos-tentar-atropelar-policiais-em-sao-caitano\/","title":{"rendered":"Homicida foragido do regime semiaberto \u00e9 detido ap\u00f3s tentar atropelar policiais em S\u00e3o Caitano"},"content":{"rendered":"<p style=\"text-align: justify;\"><span style=\"font-size: inherit;\">\u00a0Um homem de 25 anos foragido do regime semiaberto pelo crime de homic\u00eddio foi detido na sexta-feira (16), pela Pol\u00edcia Rodovi\u00e1ria Federal (PRF), na BR 232, em S\u00e3o Caitano, no Agreste de Pernambuco. O fugitivo tentou atropelar policiais no bloqueio vi\u00e1rio em uma motocicleta roubada.<\/span><\/p>\n<p style=\"text-align: justify;\">Policiais do Servi\u00e7o de Opera\u00e7\u00f5es e do Grupo de Patrulhamento T\u00e1tico da PRF realizavam uma fiscaliza\u00e7\u00e3o no km 145 da BR 232, quando deram ordem de parada ao condutor de uma motocicleta, que jogou o ve\u00edculo por cima dos policiais e fugiu em alta velocidade. Foi realizado o acompanhamento do motociclista, que chutou a viatura, colidiu em outros ve\u00edculos arrancando os retrovisores e foi alcan\u00e7ado ao tentar fugir a p\u00e9 pelas ruas do munic\u00edpio.<\/p>\n<p style=\"text-align: justify;\">Ap\u00f3s consulta, foi constatado que o condutor estava foragido desde junho deste ano e a motocicleta havia sido roubada no dia anterior em Brejo da Madre de Deus, tamb\u00e9m no Agreste. O homem admitiu que havia roubado a moto junto com um amigo que estaria armado na a\u00e7\u00e3o criminosa.<\/p>\n<p style=\"text-align: justify;\">O foragido foi encaminhado junto com o ve\u00edculo \u00e0 delegacia de Pol\u00edcia Civil de Belo Jardim, para a lavratura do auto de pris\u00e3o em flagrante e devolu\u00e7\u00e3o ao propriet\u00e1rio.<\/p>\n\n\n<figure class=\"wp-block-image size-large\"><img loading=\"lazy\" decoding=\"async\" width=\"720\" height=\"527\" src=\"https:\/\/blogdoedvaldomagalhaes.com.br\/wp-content\/uploads\/2020\/10\/IMG-20201017-WA0125.jpg\" alt=\"\" class=\"wp-image-62599\" srcset=\"https:\/\/blogdoedvaldomagalhaes.com.br\/wp-content\/uploads\/2020\/10\/IMG-20201017-WA0125.jpg 720w, https:\/\/blogdoedvaldomagalhaes.com.br\/wp-content\/uploads\/2020\/10\/IMG-20201017-WA0125-300x220.jpg 300w\" sizes=\"auto, (max-width: 720px) 100vw, 720px\" \/><figcaption>Fotos: PRF\/Divulga\u00e7\u00e3o<\/figcaption><\/figure>\n","protected":false},"excerpt":{"rendered":"<p>\u00a0Um homem de 25 anos foragido do regime semiaberto pelo crime de homic\u00eddio foi detido na sexta-feira (16), pela Pol\u00edcia&hellip;<\/p>\n","protected":false},"author":1,"featured_media":62600,"comment_status":"open","ping_status":"open","sticky":false,"template":"","format":"standard","meta":{"footnotes":""},"categories":[14121],"tags":[2,19532,19847,6],"class_list":["post-62598","post","type-post","status-publish","format-standard","has-post-thumbnail","hentry","category-policial","tag-blog-do-edvaldo-magalhaes","tag-blog-mais-acessado-e-visualizado-de-caruaru-e-regiao","tag-homicida-foragido-do-regime-semiaberto-e-detido-apos-tentar-atropelar-policiais-em-sao-caitano","tag-noticias"],"_links":{"self":[{"href":"https:\/\/blogdoedvaldomagalhaes.com.br\/index.php\/wp-json\/wp\/v2\/posts\/62598","targetHints":{"allow":["GET"]}}],"collection":[{"href":"https:\/\/blogdoedvaldomagalhaes.com.br\/index.php\/wp-json\/wp\/v2\/posts"}],"about":[{"href":"https:\/\/blogdoedvaldomagalhaes.com.br\/index.php\/wp-json\/wp\/v2\/types\/post"}],"author":[{"embeddable":true,"href":"https:\/\/blogdoedvaldomagalhaes.com.br\/index.php\/wp-json\/wp\/v2\/users\/1"}],"replies":[{"embeddable":true,"href":"https:\/\/blogdoedvaldomagalhaes.com.br\/index.php\/wp-json\/wp\/v2\/comments?post=62598"}],"version-history":[{"count":2,"href":"https:\/\/blogdoedvaldomagalhaes.com.br\/index.php\/wp-json\/wp\/v2\/posts\/62598\/revisions"}],"predecessor-version":[{"id":62602,"href":"https:\/\/blogdoedvaldomagalhaes.com.br\/index.php\/wp-json\/wp\/v2\/posts\/62598\/revisions\/62602"}],"wp:featuredmedia":[{"embeddable":true,"href":"https:\/\/blogdoedvaldomagalhaes.com.br\/index.php\/wp-json\/wp\/v2\/media\/62600"}],"wp:attachment":[{"href":"https:\/\/blogdoedvaldomagalhaes.com.br\/index.php\/wp-json\/wp\/v2\/media?parent=62598"}],"wp:term":[{"taxonomy":"category","embeddable":true,"href":"https:\/\/blogdoedvaldomagalhaes.com.br\/index.php\/wp-json\/wp\/v2\/categories?post=62598"},{"taxonomy":"post_tag","embeddable":true,"href":"https:\/\/blogdoedvaldomagalhaes.com.br\/index.php\/wp-json\/wp\/v2\/tags?post=62598"}],"curies":[{"name":"wp","href":"https:\/\/api.w.org\/{rel}","templated":true}]}}