{"id":62592,"date":"2020-10-16T20:58:10","date_gmt":"2020-10-16T23:58:10","guid":{"rendered":"https:\/\/blogdoedvaldomagalhaes.com.br\/?p=62592"},"modified":"2020-10-16T20:58:11","modified_gmt":"2020-10-16T23:58:11","slug":"lancamento-da-casa-marielle-franco-em-caruaru-neste-sabado-17","status":"publish","type":"post","link":"https:\/\/blogdoedvaldomagalhaes.com.br\/index.php\/2020\/10\/16\/lancamento-da-casa-marielle-franco-em-caruaru-neste-sabado-17\/","title":{"rendered":"Lan\u00e7amento da Casa Marielle Franco em Caruaru neste s\u00e1bado (17)"},"content":{"rendered":"<p style=\"text-align: justify;\"><span style=\"font-size: inherit;\">Neste s\u00e1bado (17), \u00e0s 16:30h, ser\u00e1 inaugurada em Caruaru a Casa Marielle Franco. \u201cQueremos construir coletivamente com mais um espa\u00e7o de resist\u00eancia e liberdade. Um lugar de acolhimento e circula\u00e7\u00e3o de ideias, de produ\u00e7\u00e3o e reprodu\u00e7\u00e3o da nossa cultura e da nossa arte que possa ir al\u00e9m do momento da campanha\u201d disse Michelle Santos, que \u00e9 candidata \u00e0 vereadora pelo PSol no munic\u00edpio.<\/span><\/p>\n<p style=\"text-align: justify;\">Na oportunidade ser\u00e3o apresentadas os candidatos e candidatas ao legislativo do partido que comp\u00f5em o coletivo &#8220;N\u00f3s por Caruaru&#8221;.<\/p>\n","protected":false},"excerpt":{"rendered":"<p>Neste s\u00e1bado (17), \u00e0s 16:30h, ser\u00e1 inaugurada em Caruaru a Casa Marielle Franco. \u201cQueremos construir coletivamente com mais um espa\u00e7o&hellip;<\/p>\n","protected":false},"author":1,"featured_media":62593,"comment_status":"open","ping_status":"open","sticky":false,"template":"","format":"standard","meta":{"footnotes":""},"categories":[14122],"tags":[2,19532,19846,1950,20],"class_list":["post-62592","post","type-post","status-publish","format-standard","has-post-thumbnail","hentry","category-politica","tag-blog-do-edvaldo-magalhaes","tag-blog-mais-acessado-e-visualizado-de-caruaru-e-regiao","tag-lancamento-da-casa-marielle-franco-em-caruaru-neste-sabado-17","tag-noticias-de-caruaru","tag-politica"],"_links":{"self":[{"href":"https:\/\/blogdoedvaldomagalhaes.com.br\/index.php\/wp-json\/wp\/v2\/posts\/62592","targetHints":{"allow":["GET"]}}],"collection":[{"href":"https:\/\/blogdoedvaldomagalhaes.com.br\/index.php\/wp-json\/wp\/v2\/posts"}],"about":[{"href":"https:\/\/blogdoedvaldomagalhaes.com.br\/index.php\/wp-json\/wp\/v2\/types\/post"}],"author":[{"embeddable":true,"href":"https:\/\/blogdoedvaldomagalhaes.com.br\/index.php\/wp-json\/wp\/v2\/users\/1"}],"replies":[{"embeddable":true,"href":"https:\/\/blogdoedvaldomagalhaes.com.br\/index.php\/wp-json\/wp\/v2\/comments?post=62592"}],"version-history":[{"count":1,"href":"https:\/\/blogdoedvaldomagalhaes.com.br\/index.php\/wp-json\/wp\/v2\/posts\/62592\/revisions"}],"predecessor-version":[{"id":62594,"href":"https:\/\/blogdoedvaldomagalhaes.com.br\/index.php\/wp-json\/wp\/v2\/posts\/62592\/revisions\/62594"}],"wp:featuredmedia":[{"embeddable":true,"href":"https:\/\/blogdoedvaldomagalhaes.com.br\/index.php\/wp-json\/wp\/v2\/media\/62593"}],"wp:attachment":[{"href":"https:\/\/blogdoedvaldomagalhaes.com.br\/index.php\/wp-json\/wp\/v2\/media?parent=62592"}],"wp:term":[{"taxonomy":"category","embeddable":true,"href":"https:\/\/blogdoedvaldomagalhaes.com.br\/index.php\/wp-json\/wp\/v2\/categories?post=62592"},{"taxonomy":"post_tag","embeddable":true,"href":"https:\/\/blogdoedvaldomagalhaes.com.br\/index.php\/wp-json\/wp\/v2\/tags?post=62592"}],"curies":[{"name":"wp","href":"https:\/\/api.w.org\/{rel}","templated":true}]}}